{"id":6599,"date":"2021-12-15T13:31:58","date_gmt":"2021-12-15T11:31:58","guid":{"rendered":"http:\/\/martinezsanzabogados.com\/?p=6599"},"modified":"2025-06-02T11:55:22","modified_gmt":"2025-06-02T09:55:22","slug":"conflictos-de-socios-ii-derecho-de-separacion-del-socio","status":"publish","type":"post","link":"https:\/\/martinezsanzabogados.com\/en\/conflictos-de-socios-ii-derecho-de-separacion-del-socio\/","title":{"rendered":"DERECHO DE SEPARACI\u00d3N DEL SOCIO"},"content":{"rendered":"<p>La existencia de conflictos entre los socios de una sociedad de capital afecta significativamente a su normal funcionamiento, sobre todo cuando se trata de empresas peque\u00f1as, con pocos socios, unidos en ocasiones por lazos familiares. La situaci\u00f3n se complica todav\u00eda m\u00e1s cuando los socios trabajan en la empresa, y las malas relaciones y continuas desavenencias perjudican la operativa diaria de la compa\u00f1\u00eda. Ello por no hablar del calvario que supone cada a\u00f1o llevar a cabo del proceso de aprobaci\u00f3n de cuentas anuales, con el complejo balance de fuerzas entre la aplicaci\u00f3n del sistema de mayor\u00edas, y el ejercicio de los derechos de los socios minoritarios, las eventuales impugnaciones judiciales, etc. Hoy, trataremos el derecho de separaci\u00f3n del socio.<\/p>\n<p>Y es que, lo que es evidente es que, cuando la convivencia social ya no es buena, hay que buscar una soluci\u00f3n y en ocasiones la mejor opci\u00f3n pasa por lograr la salida de los socios minoritarios. Lo ideal es proceder a la venta de las participaciones, bien a favor de otros socios, o bien de terceros. Sin embargo, a veces en la pr\u00e1ctica no resulta sencillo alcanzar un acuerdo de compraventa. En estos casos, muchos clientes nos preguntan: \u00bfpuedo entregar mis participaciones y marcharme? \u00bftengo derecho a separarme de la sociedad?<\/p>\n<h4><strong>\u00bfQu\u00e9 es el derecho de separaci\u00f3n?<\/strong><\/h4>\n<p>Consiste en la posibilidad de abandonar voluntariamente la condici\u00f3n de socio en una sociedad de capital, mediante la amortizaci\u00f3n de las participaciones o su adquisici\u00f3n por parte de la propia sociedad.<\/p>\n<p>En un anterior art\u00edculo del blog nos refer\u00edamos a la posibilidad de <a href=\"https:\/\/martinezsanzabogados.com\/en\/a-partner-can-be-excluded-from-a-limited-partnership-2\/\">exclusi\u00f3n de un socio minoritario<\/a>. A diferencia de la exclusi\u00f3n, donde la iniciativa parte de la sociedad, la separaci\u00f3n tiene su origen en la voluntad del socio, que es quien decide marcharse. Sin embargo, hay que tener en cuenta que, para que pueda ejercitar este derecho, debe concurrir una causa legal o estatutaria.<\/p>\n<p>Es decir, no existe un derecho absoluto a marcharse de la sociedad en cualquier momento, sino s\u00f3lo cuando se producen determinadas circunstancias.<strong>\u00a0<\/strong><\/p>\n<h4><strong>Causas legales de separaci\u00f3n del socio<\/strong><\/h4>\n<p>The <a href=\"https:\/\/www.boe.es\/buscar\/act.php?id=BOE-A-2010-10544\">Capital Companies Act<\/a> (LSC) permite al socio abandonar una sociedad cuando se adopta una decisi\u00f3n que afecta de forma significativa al destino del negocio. Ahora bien, se exige que su postura sea coherente, y por ello s\u00f3lo se permite ejercitar este derecho a los socios que no hayan votado a favor del acuerdo que da lugar al derecho de separaci\u00f3n.<\/p>\n<p>Como consecuencia, el art. 346 LSC establece que los socios que no hubieran votado a favor del correspondiente acuerdo, incluidos los socios sin voto, tendr\u00e1n derecho a separarse de la sociedad de capital en los casos siguientes:<\/p>\n<ol>\n<li>Sustituci\u00f3n o modificaci\u00f3n sustancial del objeto social.<\/li>\n<li>Pr\u00f3rroga de la sociedad.<\/li>\n<li>Reactivaci\u00f3n de la sociedad.<\/li>\n<li>Creaci\u00f3n modificaci\u00f3n o extinci\u00f3n anticipada de la obligaci\u00f3n de realizar prestaciones accesorias, salvo disposici\u00f3n contraria de los estatutos.<\/li>\n<\/ol>\n<p>En las sociedades de responsabilidad limitada tendr\u00e1n, adem\u00e1s, derecho a separarse de la sociedad los socios que no hubieran votado a favor del acuerdo de modificaci\u00f3n del r\u00e9gimen de transmisi\u00f3n de las participaciones sociales.<\/p>\n<p>Si se trata de un caso de transformaci\u00f3n de la sociedad y de traslado de domicilio al extranjero los socios tendr\u00e1n derecho de separaci\u00f3n en los t\u00e9rminos establecidos en la Ley 3\/2009, de 3 de abril, sobre modificaciones estructurales de las sociedades mercantiles.<\/p>\n<h4><strong>Causas estatutarias de separaci\u00f3n del socio<\/strong><\/h4>\n<p>Mediante consentimiento de todos los socios, se podr\u00e1n introducir en los estatutos sociales causas de separaci\u00f3n distintas a las previstas en la Ley. En tal caso, se deber\u00e1 determinar el modo en que deber\u00e1 acreditarse la existencia de la causa, la forma de ejercitar el derecho de separaci\u00f3n y el plazo de su ejercicio.<\/p>\n<h4><strong>Derecho de separaci\u00f3n por falta de distribuci\u00f3n de dividendos<\/strong><\/h4>\n<p>Menci\u00f3n especial merece la causa de separaci\u00f3n por falta de reparto de dividendos prevista en el art. 348 bis.<\/p>\n<p>De conformidad con el citado precepto, transcurrido el quinto ejercicio contado desde la inscripci\u00f3n en el Registro Mercantil de la sociedad, el socio tendr\u00e1 derecho de separaci\u00f3n en el caso de que la junta general no acordara la distribuci\u00f3n como dividendo de, al menos, el veinticinco por ciento de los beneficios obtenidos durante el ejercicio anterior que sean legalmente distribuibles siempre que se hayan obtenido beneficios durante los tres ejercicios anteriores. Para ello, es necesario que el socio hubiera hecho constar en el acta su protesta por la insuficiencia de los dividendos reconocidos.<\/p>\n<p>Sin embargo, aun cuando se produzca la anterior circunstancia, el derecho de separaci\u00f3n no surgir\u00e1 si el total de los dividendos distribuidos durante los \u00faltimos cinco a\u00f1os equivale, por lo menos, al veinticinco por ciento de los beneficios legalmente distribuibles registrados en dicho periodo.<\/p>\n<p>Este derecho de separaci\u00f3n por falta de distribuci\u00f3n de dividendos no ser\u00e1 de aplicaci\u00f3n en determinados supuestos previstos en la ley (sociedades cotizadas, en concurso o en proceso de refinanciaci\u00f3n, sociedades an\u00f3nimas deportivas\u2026)<\/p>\n<h4><strong>\u00bfC\u00f3mo se ejercita el derecho de separaci\u00f3n?<\/strong><\/h4>\n<p>El derecho de separaci\u00f3n deber\u00e1 ser ejercitado por el socio por escrito en el plazo de un mes desde la publicaci\u00f3n del acuerdo en el <a href=\"https:\/\/www.boe.es\/diario_borme\/\">Bolet\u00edn Oficial del Registro Mercantil<\/a> o desde la recepci\u00f3n de comunicaci\u00f3n escrita por el \u00f3rgano de administraci\u00f3n.<\/p>\n<h4><strong>\u00bfC\u00f3mo se valoran las participaciones?<\/strong><\/h4>\n<p><strong>\u00a0<\/strong>El socio separado tiene derecho de recibir el \u201cvalor razonable\u201d de sus participaciones.<\/p>\n<p>Para su determinaci\u00f3n, a falta de acuerdo entre la sociedad y el socio, las participaciones ser\u00e1n valoradas por un experto independiente, designado por el registrador mercantil del domicilio social a solicitud de la sociedad o de cualquiera de los socios titulares de las participaciones o de las acciones objeto de valoraci\u00f3n. El experto podr\u00e1 obtener de la sociedad todas las informaciones y documentos que considere \u00fatiles y proceder a todas las verificaciones que estime necesarias.<\/p>\n<p>En el plazo m\u00e1ximo de dos meses a contar desde su nombramiento, el experto emitir\u00e1 su informe, que notificar\u00e1 inmediatamente por conducto notarial a la sociedad y a los socios afectados, acompa\u00f1ando copia, y depositar\u00e1 otra en el Registro Mercantil. Dentro de los dos meses siguientes a la recepci\u00f3n del informe de valoraci\u00f3n, los socios afectados tendr\u00e1n derecho a obtener en el domicilio social el valor razonable de sus participaciones sociales o acciones.<\/p>\n<p>Es importante contar con un buen asesoramiento para determinar la concurrencia de los presupuestos para separarse de la sociedad y gestionar todo el proceso, en especial para garantizar una adecuada valoraci\u00f3n de las participaciones.<\/p>\n<p>At <a href=\"http:\/\/martinezsanzabogados.com\/en\/\">Mart\u00ednez Sanz Lawyers<\/a> we are <a href=\"https:\/\/martinezsanzabogados.com\/en\/legal-services\/commercial-and-corporate-law\/\">especialistas en derecho societario<\/a>. Cons\u00faltanos tu caso y te ofreceremos soluciones.<\/p>\n<div id=\"attachment_6364\" style=\"width: 198px\" class=\"wp-caption alignnone\"><img decoding=\"async\" aria-describedby=\"caption-attachment-6364\" class=\"wp-image-6364\" src=\"https:\/\/martinezsanzabogados.com\/wp-content\/uploads\/2021\/03\/MARTINEZSANZ-EquipoHumanoCastellon-020.jpg\" alt=\"\" width=\"188\" height=\"125\" \/><p id=\"caption-attachment-6364\" class=\"wp-caption-text\">Laura S\u00e1nchez Sabater. Abogada Senior y Directora Oficinas Castell\u00f3n.<\/p><\/div>","protected":false},"excerpt":{"rendered":"<p>La existencia de conflictos entre los socios de una sociedad de capital afecta significativamente a su normal funcionamiento, sobre todo cuando se trata de empresas peque\u00f1as, con pocos socios, unidos en ocasiones por lazos familiares. La situaci\u00f3n se complica todav\u00eda m\u00e1s cuando los socios trabajan en la empresa, y las malas relaciones y continuas desavenencias [&hellip;]<\/p>","protected":false},"author":5,"featured_media":6601,"comment_status":"open","ping_status":"closed","sticky":false,"template":"","format":"standard","meta":{"footnotes":""},"categories":[710],"tags":[152,294,310],"class_list":["post-6599","post","type-post","status-publish","format-standard","has-post-thumbnail","hentry","category-informacion-de-interes","tag-derecho-societario","tag-separacion-de-socios","tag-socios"],"yoast_head":"<!-- This site is optimized with the Yoast SEO plugin v27.4 - https:\/\/yoast.com\/product\/yoast-seo-wordpress\/ -->\n<title>DERECHO DE SEPARACI\u00d3N DEL SOCIO - Mart\u00ednez Sanz Abogados<\/title>\n<meta name=\"robots\" content=\"index, follow, max-snippet:-1, max-image-preview:large, max-video-preview:-1\" \/>\n<link rel=\"canonical\" href=\"https:\/\/martinezsanzabogados.com\/en\/conflictos-de-socios-ii-derecho-de-separacion-del-socio\/\" \/>\n<meta property=\"og:locale\" content=\"en_GB\" \/>\n<meta property=\"og:type\" content=\"article\" \/>\n<meta property=\"og:title\" content=\"DERECHO DE SEPARACI\u00d3N DEL SOCIO - Mart\u00ednez Sanz Abogados\" \/>\n<meta property=\"og:description\" content=\"La existencia de conflictos entre los socios de una sociedad de capital afecta significativamente a su normal funcionamiento, sobre todo cuando se trata de empresas peque\u00f1as, con pocos socios, unidos en ocasiones por lazos familiares. La situaci\u00f3n se complica todav\u00eda m\u00e1s cuando los socios trabajan en la empresa, y las malas relaciones y continuas desavenencias [&hellip;]\" \/>\n<meta property=\"og:url\" content=\"https:\/\/martinezsanzabogados.com\/en\/conflictos-de-socios-ii-derecho-de-separacion-del-socio\/\" \/>\n<meta property=\"og:site_name\" content=\"Mart\u00ednez Sanz Abogados\" \/>\n<meta property=\"article:publisher\" content=\"https:\/\/www.facebook.com\/martinezsanzabogados\" \/>\n<meta property=\"article:published_time\" content=\"2021-12-15T11:31:58+00:00\" \/>\n<meta property=\"article:modified_time\" content=\"2025-06-02T09:55:22+00:00\" \/>\n<meta property=\"og:image\" content=\"https:\/\/martinezsanzabogados.com\/wp-content\/uploads\/2021\/12\/derecho-de-separacion-del-socio.jpg\" \/>\n\t<meta property=\"og:image:width\" content=\"1920\" \/>\n\t<meta property=\"og:image:height\" content=\"1082\" \/>\n\t<meta property=\"og:image:type\" content=\"image\/jpeg\" \/>\n<meta name=\"author\" content=\"Fernando Mart\u00ednez Sanz\" \/>\n<meta name=\"twitter:card\" content=\"summary_large_image\" \/>\n<meta name=\"twitter:label1\" content=\"Written by\" \/>\n\t<meta name=\"twitter:data1\" content=\"Fernando Mart\u00ednez Sanz\" \/>\n\t<meta name=\"twitter:label2\" content=\"Estimated reading time\" \/>\n\t<meta name=\"twitter:data2\" content=\"6 minutes\" \/>\n<script type=\"application\/ld+json\" class=\"yoast-schema-graph\">{\"@context\":\"https:\\\/\\\/schema.org\",\"@graph\":[{\"@type\":\"Article\",\"@id\":\"https:\\\/\\\/martinezsanzabogados.com\\\/conflictos-de-socios-ii-derecho-de-separacion-del-socio\\\/#article\",\"isPartOf\":{\"@id\":\"https:\\\/\\\/martinezsanzabogados.com\\\/conflictos-de-socios-ii-derecho-de-separacion-del-socio\\\/\"},\"author\":{\"name\":\"Fernando Mart\u00ednez Sanz\",\"@id\":\"https:\\\/\\\/martinezsanzabogados.com\\\/#\\\/schema\\\/person\\\/869a99c54e428fcd47fa53eab44e8379\"},\"headline\":\"DERECHO DE SEPARACI\u00d3N DEL SOCIO\",\"datePublished\":\"2021-12-15T11:31:58+00:00\",\"dateModified\":\"2025-06-02T09:55:22+00:00\",\"mainEntityOfPage\":{\"@id\":\"https:\\\/\\\/martinezsanzabogados.com\\\/conflictos-de-socios-ii-derecho-de-separacion-del-socio\\\/\"},\"wordCount\":1177,\"commentCount\":0,\"publisher\":{\"@id\":\"https:\\\/\\\/martinezsanzabogados.com\\\/#organization\"},\"image\":{\"@id\":\"https:\\\/\\\/martinezsanzabogados.com\\\/conflictos-de-socios-ii-derecho-de-separacion-del-socio\\\/#primaryimage\"},\"thumbnailUrl\":\"https:\\\/\\\/martinezsanzabogados.com\\\/wp-content\\\/uploads\\\/2021\\\/12\\\/derecho-de-separacion-del-socio.jpg\",\"keywords\":[\"derecho societario\",\"separaci\u00f3n de socios\",\"socios\"],\"articleSection\":[\"Informaci\u00f3n de inter\u00e9s\"],\"inLanguage\":\"en-GB\",\"potentialAction\":[{\"@type\":\"CommentAction\",\"name\":\"Comment\",\"target\":[\"https:\\\/\\\/martinezsanzabogados.com\\\/conflictos-de-socios-ii-derecho-de-separacion-del-socio\\\/#respond\"]}]},{\"@type\":\"WebPage\",\"@id\":\"https:\\\/\\\/martinezsanzabogados.com\\\/conflictos-de-socios-ii-derecho-de-separacion-del-socio\\\/\",\"url\":\"https:\\\/\\\/martinezsanzabogados.com\\\/conflictos-de-socios-ii-derecho-de-separacion-del-socio\\\/\",\"name\":\"DERECHO DE SEPARACI\u00d3N DEL SOCIO - Mart\u00ednez Sanz Abogados\",\"isPartOf\":{\"@id\":\"https:\\\/\\\/martinezsanzabogados.com\\\/#website\"},\"primaryImageOfPage\":{\"@id\":\"https:\\\/\\\/martinezsanzabogados.com\\\/conflictos-de-socios-ii-derecho-de-separacion-del-socio\\\/#primaryimage\"},\"image\":{\"@id\":\"https:\\\/\\\/martinezsanzabogados.com\\\/conflictos-de-socios-ii-derecho-de-separacion-del-socio\\\/#primaryimage\"},\"thumbnailUrl\":\"https:\\\/\\\/martinezsanzabogados.com\\\/wp-content\\\/uploads\\\/2021\\\/12\\\/derecho-de-separacion-del-socio.jpg\",\"datePublished\":\"2021-12-15T11:31:58+00:00\",\"dateModified\":\"2025-06-02T09:55:22+00:00\",\"breadcrumb\":{\"@id\":\"https:\\\/\\\/martinezsanzabogados.com\\\/conflictos-de-socios-ii-derecho-de-separacion-del-socio\\\/#breadcrumb\"},\"inLanguage\":\"en-GB\",\"potentialAction\":[{\"@type\":\"ReadAction\",\"target\":[\"https:\\\/\\\/martinezsanzabogados.com\\\/conflictos-de-socios-ii-derecho-de-separacion-del-socio\\\/\"]}]},{\"@type\":\"ImageObject\",\"inLanguage\":\"en-GB\",\"@id\":\"https:\\\/\\\/martinezsanzabogados.com\\\/conflictos-de-socios-ii-derecho-de-separacion-del-socio\\\/#primaryimage\",\"url\":\"https:\\\/\\\/martinezsanzabogados.com\\\/wp-content\\\/uploads\\\/2021\\\/12\\\/derecho-de-separacion-del-socio.jpg\",\"contentUrl\":\"https:\\\/\\\/martinezsanzabogados.com\\\/wp-content\\\/uploads\\\/2021\\\/12\\\/derecho-de-separacion-del-socio.jpg\",\"width\":1920,\"height\":1082,\"caption\":\"derecho de separacion del socio\"},{\"@type\":\"BreadcrumbList\",\"@id\":\"https:\\\/\\\/martinezsanzabogados.com\\\/conflictos-de-socios-ii-derecho-de-separacion-del-socio\\\/#breadcrumb\",\"itemListElement\":[{\"@type\":\"ListItem\",\"position\":1,\"name\":\"Portada\",\"item\":\"https:\\\/\\\/martinezsanzabogados.com\\\/\"},{\"@type\":\"ListItem\",\"position\":2,\"name\":\"DERECHO DE SEPARACI\u00d3N DEL SOCIO\"}]},{\"@type\":\"WebSite\",\"@id\":\"https:\\\/\\\/martinezsanzabogados.com\\\/#website\",\"url\":\"https:\\\/\\\/martinezsanzabogados.com\\\/\",\"name\":\"Mart\u00ednez Sanz Abogados\",\"description\":\"\",\"publisher\":{\"@id\":\"https:\\\/\\\/martinezsanzabogados.com\\\/#organization\"},\"potentialAction\":[{\"@type\":\"SearchAction\",\"target\":{\"@type\":\"EntryPoint\",\"urlTemplate\":\"https:\\\/\\\/martinezsanzabogados.com\\\/?s={search_term_string}\"},\"query-input\":{\"@type\":\"PropertyValueSpecification\",\"valueRequired\":true,\"valueName\":\"search_term_string\"}}],\"inLanguage\":\"en-GB\"},{\"@type\":\"Organization\",\"@id\":\"https:\\\/\\\/martinezsanzabogados.com\\\/#organization\",\"name\":\"Mart\u00ednez Sanz Abogados\",\"url\":\"https:\\\/\\\/martinezsanzabogados.com\\\/\",\"logo\":{\"@type\":\"ImageObject\",\"inLanguage\":\"en-GB\",\"@id\":\"https:\\\/\\\/martinezsanzabogados.com\\\/#\\\/schema\\\/logo\\\/image\\\/\",\"url\":\"https:\\\/\\\/martinezsanzabogados.com\\\/wp-content\\\/uploads\\\/2021\\\/10\\\/Logo-Martinez-Sanz.png\",\"contentUrl\":\"https:\\\/\\\/martinezsanzabogados.com\\\/wp-content\\\/uploads\\\/2021\\\/10\\\/Logo-Martinez-Sanz.png\",\"width\":350,\"height\":166,\"caption\":\"Mart\u00ednez Sanz Abogados\"},\"image\":{\"@id\":\"https:\\\/\\\/martinezsanzabogados.com\\\/#\\\/schema\\\/logo\\\/image\\\/\"},\"sameAs\":[\"https:\\\/\\\/www.facebook.com\\\/martinezsanzabogados\"]},{\"@type\":\"Person\",\"@id\":\"https:\\\/\\\/martinezsanzabogados.com\\\/#\\\/schema\\\/person\\\/869a99c54e428fcd47fa53eab44e8379\",\"name\":\"Fernando Mart\u00ednez Sanz\",\"image\":{\"@type\":\"ImageObject\",\"inLanguage\":\"en-GB\",\"@id\":\"https:\\\/\\\/secure.gravatar.com\\\/avatar\\\/c42cdc64dc77e92dcbf5a0ee7ac0a78ac6f21dee78166ff10da4e1bfc8e994e7?s=96&d=mm&r=g\",\"url\":\"https:\\\/\\\/secure.gravatar.com\\\/avatar\\\/c42cdc64dc77e92dcbf5a0ee7ac0a78ac6f21dee78166ff10da4e1bfc8e994e7?s=96&d=mm&r=g\",\"contentUrl\":\"https:\\\/\\\/secure.gravatar.com\\\/avatar\\\/c42cdc64dc77e92dcbf5a0ee7ac0a78ac6f21dee78166ff10da4e1bfc8e994e7?s=96&d=mm&r=g\",\"caption\":\"Fernando Mart\u00ednez Sanz\"},\"description\":\"Doctor en Derecho por la Universidad de Alcal\u00e1 de Henares con la m\u00e1xima calificaci\u00f3n. Premio Extraordinario de Doctorado. Desde 2001 es Catedr\u00e1tico de Derecho Mercantil en la Universitat Jaume I de Castell\u00f3n. Vocal de la Secci\u00f3n Especial de la Comisi\u00f3n General de Codificaci\u00f3n para la reforma del C\u00f3digo de Comercio en materia de contrato de transporte de mercanc\u00edas. Ha impartido multitud de conferencias y cursos en Universidades, Centros y Colegios Profesionales, tanto en Espa\u00f1a como en el extranjero, y es \u00e1rbitro de la Corte de Arbitraje de la C\u00e1mara de Comercio de Castell\u00f3n y Valencia. Es autor de diversos art\u00edculos en revistas jur\u00eddicas nacionales y extranjeras (alemanas e italianas), as\u00ed como de varias monograf\u00edas y publicaciones, tanto en materia de Derecho Mercantil, como en Derecho societario, concursal y de planes de reestructuraci\u00f3n. Tiene una vasta experiencia profesional como administrador concursal en m\u00e1s de 150 procedimientos, habiendo intervenido en diversos procesos de venta de unidades productivas\",\"sameAs\":[\"https:\\\/\\\/www.linkedin.com\\\/in\\\/fernando-martnez-sanz-00819641\"],\"url\":\"https:\\\/\\\/martinezsanzabogados.com\\\/en\\\/author\\\/admin\\\/\"}]}<\/script>\n<!-- \/ Yoast SEO plugin. -->","yoast_head_json":{"title":"DERECHO DE SEPARACI\u00d3N DEL SOCIO - Mart\u00ednez Sanz Abogados","robots":{"index":"index","follow":"follow","max-snippet":"max-snippet:-1","max-image-preview":"max-image-preview:large","max-video-preview":"max-video-preview:-1"},"canonical":"https:\/\/martinezsanzabogados.com\/en\/conflictos-de-socios-ii-derecho-de-separacion-del-socio\/","og_locale":"en_GB","og_type":"article","og_title":"DERECHO DE SEPARACI\u00d3N DEL SOCIO - Mart\u00ednez Sanz Abogados","og_description":"La existencia de conflictos entre los socios de una sociedad de capital afecta significativamente a su normal funcionamiento, sobre todo cuando se trata de empresas peque\u00f1as, con pocos socios, unidos en ocasiones por lazos familiares. La situaci\u00f3n se complica todav\u00eda m\u00e1s cuando los socios trabajan en la empresa, y las malas relaciones y continuas desavenencias [&hellip;]","og_url":"https:\/\/martinezsanzabogados.com\/en\/conflictos-de-socios-ii-derecho-de-separacion-del-socio\/","og_site_name":"Mart\u00ednez Sanz Abogados","article_publisher":"https:\/\/www.facebook.com\/martinezsanzabogados","article_published_time":"2021-12-15T11:31:58+00:00","article_modified_time":"2025-06-02T09:55:22+00:00","og_image":[{"width":1920,"height":1082,"url":"https:\/\/martinezsanzabogados.com\/wp-content\/uploads\/2021\/12\/derecho-de-separacion-del-socio.jpg","type":"image\/jpeg"}],"author":"Fernando Mart\u00ednez Sanz","twitter_card":"summary_large_image","twitter_misc":{"Written by":"Fernando Mart\u00ednez Sanz","Estimated reading time":"6 minutes"},"schema":{"@context":"https:\/\/schema.org","@graph":[{"@type":"Article","@id":"https:\/\/martinezsanzabogados.com\/conflictos-de-socios-ii-derecho-de-separacion-del-socio\/#article","isPartOf":{"@id":"https:\/\/martinezsanzabogados.com\/conflictos-de-socios-ii-derecho-de-separacion-del-socio\/"},"author":{"name":"Fernando Mart\u00ednez Sanz","@id":"https:\/\/martinezsanzabogados.com\/#\/schema\/person\/869a99c54e428fcd47fa53eab44e8379"},"headline":"DERECHO DE SEPARACI\u00d3N DEL SOCIO","datePublished":"2021-12-15T11:31:58+00:00","dateModified":"2025-06-02T09:55:22+00:00","mainEntityOfPage":{"@id":"https:\/\/martinezsanzabogados.com\/conflictos-de-socios-ii-derecho-de-separacion-del-socio\/"},"wordCount":1177,"commentCount":0,"publisher":{"@id":"https:\/\/martinezsanzabogados.com\/#organization"},"image":{"@id":"https:\/\/martinezsanzabogados.com\/conflictos-de-socios-ii-derecho-de-separacion-del-socio\/#primaryimage"},"thumbnailUrl":"https:\/\/martinezsanzabogados.com\/wp-content\/uploads\/2021\/12\/derecho-de-separacion-del-socio.jpg","keywords":["derecho societario","separaci\u00f3n de socios","socios"],"articleSection":["Informaci\u00f3n de inter\u00e9s"],"inLanguage":"en-GB","potentialAction":[{"@type":"CommentAction","name":"Comment","target":["https:\/\/martinezsanzabogados.com\/conflictos-de-socios-ii-derecho-de-separacion-del-socio\/#respond"]}]},{"@type":"WebPage","@id":"https:\/\/martinezsanzabogados.com\/conflictos-de-socios-ii-derecho-de-separacion-del-socio\/","url":"https:\/\/martinezsanzabogados.com\/conflictos-de-socios-ii-derecho-de-separacion-del-socio\/","name":"DERECHO DE SEPARACI\u00d3N DEL SOCIO - Mart\u00ednez Sanz Abogados","isPartOf":{"@id":"https:\/\/martinezsanzabogados.com\/#website"},"primaryImageOfPage":{"@id":"https:\/\/martinezsanzabogados.com\/conflictos-de-socios-ii-derecho-de-separacion-del-socio\/#primaryimage"},"image":{"@id":"https:\/\/martinezsanzabogados.com\/conflictos-de-socios-ii-derecho-de-separacion-del-socio\/#primaryimage"},"thumbnailUrl":"https:\/\/martinezsanzabogados.com\/wp-content\/uploads\/2021\/12\/derecho-de-separacion-del-socio.jpg","datePublished":"2021-12-15T11:31:58+00:00","dateModified":"2025-06-02T09:55:22+00:00","breadcrumb":{"@id":"https:\/\/martinezsanzabogados.com\/conflictos-de-socios-ii-derecho-de-separacion-del-socio\/#breadcrumb"},"inLanguage":"en-GB","potentialAction":[{"@type":"ReadAction","target":["https:\/\/martinezsanzabogados.com\/conflictos-de-socios-ii-derecho-de-separacion-del-socio\/"]}]},{"@type":"ImageObject","inLanguage":"en-GB","@id":"https:\/\/martinezsanzabogados.com\/conflictos-de-socios-ii-derecho-de-separacion-del-socio\/#primaryimage","url":"https:\/\/martinezsanzabogados.com\/wp-content\/uploads\/2021\/12\/derecho-de-separacion-del-socio.jpg","contentUrl":"https:\/\/martinezsanzabogados.com\/wp-content\/uploads\/2021\/12\/derecho-de-separacion-del-socio.jpg","width":1920,"height":1082,"caption":"derecho de separacion del socio"},{"@type":"BreadcrumbList","@id":"https:\/\/martinezsanzabogados.com\/conflictos-de-socios-ii-derecho-de-separacion-del-socio\/#breadcrumb","itemListElement":[{"@type":"ListItem","position":1,"name":"Portada","item":"https:\/\/martinezsanzabogados.com\/"},{"@type":"ListItem","position":2,"name":"DERECHO DE SEPARACI\u00d3N DEL SOCIO"}]},{"@type":"WebSite","@id":"https:\/\/martinezsanzabogados.com\/#website","url":"https:\/\/martinezsanzabogados.com\/","name":"Mart\u00ednez Sanz Lawyers","description":"","publisher":{"@id":"https:\/\/martinezsanzabogados.com\/#organization"},"potentialAction":[{"@type":"SearchAction","target":{"@type":"EntryPoint","urlTemplate":"https:\/\/martinezsanzabogados.com\/?s={search_term_string}"},"query-input":{"@type":"PropertyValueSpecification","valueRequired":true,"valueName":"search_term_string"}}],"inLanguage":"en-GB"},{"@type":"Organization","@id":"https:\/\/martinezsanzabogados.com\/#organization","name":"Mart\u00ednez Sanz Lawyers","url":"https:\/\/martinezsanzabogados.com\/","logo":{"@type":"ImageObject","inLanguage":"en-GB","@id":"https:\/\/martinezsanzabogados.com\/#\/schema\/logo\/image\/","url":"https:\/\/martinezsanzabogados.com\/wp-content\/uploads\/2021\/10\/Logo-Martinez-Sanz.png","contentUrl":"https:\/\/martinezsanzabogados.com\/wp-content\/uploads\/2021\/10\/Logo-Martinez-Sanz.png","width":350,"height":166,"caption":"Mart\u00ednez Sanz Abogados"},"image":{"@id":"https:\/\/martinezsanzabogados.com\/#\/schema\/logo\/image\/"},"sameAs":["https:\/\/www.facebook.com\/martinezsanzabogados"]},{"@type":"Person","@id":"https:\/\/martinezsanzabogados.com\/#\/schema\/person\/869a99c54e428fcd47fa53eab44e8379","name":"Fernando Mart\u00ednez Sanz","image":{"@type":"ImageObject","inLanguage":"en-GB","@id":"https:\/\/secure.gravatar.com\/avatar\/c42cdc64dc77e92dcbf5a0ee7ac0a78ac6f21dee78166ff10da4e1bfc8e994e7?s=96&d=mm&r=g","url":"https:\/\/secure.gravatar.com\/avatar\/c42cdc64dc77e92dcbf5a0ee7ac0a78ac6f21dee78166ff10da4e1bfc8e994e7?s=96&d=mm&r=g","contentUrl":"https:\/\/secure.gravatar.com\/avatar\/c42cdc64dc77e92dcbf5a0ee7ac0a78ac6f21dee78166ff10da4e1bfc8e994e7?s=96&d=mm&r=g","caption":"Fernando Mart\u00ednez Sanz"},"description":"PhD in Law from the University of Alcal\u00e1 de Henares with the highest qualification. Extraordinary Doctorate Award. Since 2001 he has been Professor of Commercial Law at the Universitat Jaume I in Castell\u00f3n. Member of the Special Section of the General Codification Commission for the reform of the Commercial Code in the field of the contract of carriage of goods. He has given many lectures and courses at Universities, Centres and Professional Associations, both in Spain and abroad, and is an arbitrator at the Court of Arbitration of the Chamber of Commerce of Castell\u00f3n and Valencia. He is the author of several articles in national and foreign legal journals (German and Italian), as well as of several monographs and publications, both on commercial law, corporate law, insolvency law and restructuring plans. He has extensive professional experience as an insolvency administrator in more than 150 insolvency proceedings, having been involved in several sales of production units.","sameAs":["https:\/\/www.linkedin.com\/in\/fernando-martnez-sanz-00819641"],"url":"https:\/\/martinezsanzabogados.com\/en\/author\/admin\/"}]}},"_links":{"self":[{"href":"https:\/\/martinezsanzabogados.com\/en\/wp-json\/wp\/v2\/posts\/6599","targetHints":{"allow":["GET"]}}],"collection":[{"href":"https:\/\/martinezsanzabogados.com\/en\/wp-json\/wp\/v2\/posts"}],"about":[{"href":"https:\/\/martinezsanzabogados.com\/en\/wp-json\/wp\/v2\/types\/post"}],"author":[{"embeddable":true,"href":"https:\/\/martinezsanzabogados.com\/en\/wp-json\/wp\/v2\/users\/5"}],"replies":[{"embeddable":true,"href":"https:\/\/martinezsanzabogados.com\/en\/wp-json\/wp\/v2\/comments?post=6599"}],"version-history":[{"count":1,"href":"https:\/\/martinezsanzabogados.com\/en\/wp-json\/wp\/v2\/posts\/6599\/revisions"}],"predecessor-version":[{"id":12847,"href":"https:\/\/martinezsanzabogados.com\/en\/wp-json\/wp\/v2\/posts\/6599\/revisions\/12847"}],"wp:featuredmedia":[{"embeddable":true,"href":"https:\/\/martinezsanzabogados.com\/en\/wp-json\/wp\/v2\/media\/6601"}],"wp:attachment":[{"href":"https:\/\/martinezsanzabogados.com\/en\/wp-json\/wp\/v2\/media?parent=6599"}],"wp:term":[{"taxonomy":"category","embeddable":true,"href":"https:\/\/martinezsanzabogados.com\/en\/wp-json\/wp\/v2\/categories?post=6599"},{"taxonomy":"post_tag","embeddable":true,"href":"https:\/\/martinezsanzabogados.com\/en\/wp-json\/wp\/v2\/tags?post=6599"}],"curies":[{"name":"wp","href":"https:\/\/api.w.org\/{rel}","templated":true}]}}