{"id":6594,"date":"2021-11-23T13:53:11","date_gmt":"2021-11-23T11:53:11","guid":{"rendered":"http:\/\/martinezsanzabogados.com\/?p=6594"},"modified":"2023-09-08T13:58:36","modified_gmt":"2023-09-08T11:58:36","slug":"por-cuarto-ano-consecutivo-best-lawyers-incluye-a-laura-sanchez-entre-los-mejores-abogados-de-espana","status":"publish","type":"post","link":"https:\/\/martinezsanzabogados.com\/en\/por-cuarto-ano-consecutivo-best-lawyers-incluye-a-laura-sanchez-entre-los-mejores-abogados-de-espana\/","title":{"rendered":"Por cuarto a\u00f1o consecutivo, Best Lawyers incluye a Laura S\u00e1nchez entre los mejores abogados de Espa\u00f1a"},"content":{"rendered":"<p><img fetchpriority=\"high\" decoding=\"async\" class=\"wp-image-6255 alignleft\" src=\"http:\/\/martinezsanzabogados.com\/wp-content\/uploads\/2020\/11\/Laura-Sa\u0301nchez-Sabater.jpg\" alt=\"\" width=\"279\" height=\"186\" \/><\/p>\n<h5>El prestigioso portal <a href=\"http:\/\/www.bestlawyers.com\" target=\"_blank\" rel=\"noopener, noindex, nofollow noopener\">Best Lawyers<\/a>\u00a0ha vuelto a publicar, este mes, el listado de los mejores abogados de Espa\u00f1a. Por cuarto a\u00f1o consecutivo,\u00a0en <a href=\"http:\/\/martinezsanzabogados.com\/en\/\">Mart\u00ednez Sanz Lawyers<\/a> tenemos razones para estar de celebraci\u00f3n. Nuestra abogada senior, Laura S\u00e1nchez, se encuentra, uan vez m\u00e1s, entre los mejores especialistas del pa\u00eds en la categor\u00eda \u201cLitigation\u201d (procesal).<\/h5>\n<p>Como muestra\u00a0de su larga trayectoria y su expereiencia de m\u00e1s de 15 a\u00f1os en el sector, Laura S\u00e1nchez consigue un puesto entre los mejores abogados de Espa\u00f1a. En este tiempo, la abogada\u00a0ha labrado un recorrido impecable como especialista en <a href=\"http:\/\/martinezsanzabogados.com\/en\/practice\/procesal-y-arbitraje\/\"><strong>derecho procesal<\/strong><\/a>. Ahora, vuelve a obtener la recompensa. <strong>Congratulations, Laura!<\/strong><\/p>\n<p><strong>Best Lawyers<\/strong>\u00a0publica desde\u00a0hace 12 a\u00f1os un ranking de los mejores abogados en las diferentes especialidades y pr\u00e1cticas del Derecho.<\/p>\n<p><em>Este listado es el resultado de las decisiones y votaciones, a\u00f1o tras a\u00f1o, de profesionales del sector.<\/em><\/p>\n<p><a href=\"https:\/\/www.bestlawyers.com\/current-edition\/Spain\" target=\"_blank\" rel=\"noopener, noindex, nofollow noopener\">Puedes consultar el listado de los mejores abogados de Espa\u00f1a en 2022 seg\u00fan Best Lawyers aqu\u00ed.\u00a0<\/a><\/p>","protected":false},"excerpt":{"rendered":"<p>El prestigioso portal Best Lawyers\u00a0ha vuelto a publicar, este mes, el listado de los mejores abogados de Espa\u00f1a. Por cuarto a\u00f1o consecutivo,\u00a0en Mart\u00ednez Sanz Abogados tenemos razones para estar de celebraci\u00f3n. Nuestra abogada senior, Laura S\u00e1nchez, se encuentra, uan vez m\u00e1s, entre los mejores especialistas del pa\u00eds en la categor\u00eda \u201cLitigation\u201d (procesal). Como muestra\u00a0de su [&hellip;]<\/p>","protected":false},"author":5,"featured_media":6364,"comment_status":"open","ping_status":"closed","sticky":false,"template":"","format":"standard","meta":{"footnotes":""},"categories":[710],"tags":[218,236,237,262,273],"class_list":["post-6594","post","type-post","status-publish","format-standard","has-post-thumbnail","hentry","category-informacion-de-interes","tag-laura-sanchez","tag-mejor-abogada","tag-mejor-abogada-mujer","tag-premio","tag-reconocimiento"],"yoast_head":"<!-- This site is optimized with the Yoast SEO plugin v27.4 - https:\/\/yoast.com\/product\/yoast-seo-wordpress\/ -->\n<title>Best Lawyers incluye a Laura S\u00e1nchez entre los mejores abogados de Espa\u00f1a - Mart\u00ednez Sanz Abogados<\/title>\n<meta name=\"description\" content=\"Best Lawyers incluye, por tercera vez consecutiva, a Laura S\u00e1nchez entre los mejores abogados de Espa\u00f1a. Este portal publica un ranking cada a\u00f1o.\" \/>\n<meta name=\"robots\" content=\"index, follow, max-snippet:-1, max-image-preview:large, max-video-preview:-1\" \/>\n<link rel=\"canonical\" href=\"https:\/\/martinezsanzabogados.com\/en\/por-cuarto-ano-consecutivo-best-lawyers-incluye-a-laura-sanchez-entre-los-mejores-abogados-de-espana\/\" \/>\n<meta property=\"og:locale\" content=\"en_GB\" \/>\n<meta property=\"og:type\" content=\"article\" \/>\n<meta property=\"og:title\" content=\"Best Lawyers incluye a Laura S\u00e1nchez entre los mejores abogados de Espa\u00f1a - Mart\u00ednez Sanz Abogados\" \/>\n<meta property=\"og:description\" content=\"Best Lawyers incluye, por tercera vez consecutiva, a Laura S\u00e1nchez entre los mejores abogados de Espa\u00f1a. Este portal publica un ranking cada a\u00f1o.\" \/>\n<meta property=\"og:url\" content=\"https:\/\/martinezsanzabogados.com\/en\/por-cuarto-ano-consecutivo-best-lawyers-incluye-a-laura-sanchez-entre-los-mejores-abogados-de-espana\/\" \/>\n<meta property=\"og:site_name\" content=\"Mart\u00ednez Sanz Abogados\" \/>\n<meta property=\"article:publisher\" content=\"https:\/\/www.facebook.com\/martinezsanzabogados\" \/>\n<meta property=\"article:published_time\" content=\"2021-11-23T11:53:11+00:00\" \/>\n<meta property=\"article:modified_time\" content=\"2023-09-08T11:58:36+00:00\" \/>\n<meta property=\"og:image\" content=\"https:\/\/martinezsanzabogados.com\/wp-content\/uploads\/2021\/03\/MARTINEZSANZ-EquipoHumanoCastellon-020-scaled.jpg\" \/>\n\t<meta property=\"og:image:width\" content=\"1920\" \/>\n\t<meta property=\"og:image:height\" content=\"1280\" \/>\n\t<meta property=\"og:image:type\" content=\"image\/jpeg\" \/>\n<meta name=\"author\" content=\"Fernando Mart\u00ednez Sanz\" \/>\n<meta name=\"twitter:card\" content=\"summary_large_image\" \/>\n<meta name=\"twitter:label1\" content=\"Written by\" \/>\n\t<meta name=\"twitter:data1\" content=\"Fernando Mart\u00ednez Sanz\" \/>\n\t<meta name=\"twitter:label2\" content=\"Estimated reading time\" \/>\n\t<meta name=\"twitter:data2\" content=\"1 minute\" \/>\n<script type=\"application\/ld+json\" class=\"yoast-schema-graph\">{\"@context\":\"https:\\\/\\\/schema.org\",\"@graph\":[{\"@type\":\"Article\",\"@id\":\"https:\\\/\\\/martinezsanzabogados.com\\\/por-cuarto-ano-consecutivo-best-lawyers-incluye-a-laura-sanchez-entre-los-mejores-abogados-de-espana\\\/#article\",\"isPartOf\":{\"@id\":\"https:\\\/\\\/martinezsanzabogados.com\\\/por-cuarto-ano-consecutivo-best-lawyers-incluye-a-laura-sanchez-entre-los-mejores-abogados-de-espana\\\/\"},\"author\":{\"name\":\"Fernando Mart\u00ednez Sanz\",\"@id\":\"https:\\\/\\\/martinezsanzabogados.com\\\/#\\\/schema\\\/person\\\/869a99c54e428fcd47fa53eab44e8379\"},\"headline\":\"Por cuarto a\u00f1o consecutivo, Best Lawyers incluye a Laura S\u00e1nchez entre los mejores abogados de Espa\u00f1a\",\"datePublished\":\"2021-11-23T11:53:11+00:00\",\"dateModified\":\"2023-09-08T11:58:36+00:00\",\"mainEntityOfPage\":{\"@id\":\"https:\\\/\\\/martinezsanzabogados.com\\\/por-cuarto-ano-consecutivo-best-lawyers-incluye-a-laura-sanchez-entre-los-mejores-abogados-de-espana\\\/\"},\"wordCount\":193,\"commentCount\":0,\"publisher\":{\"@id\":\"https:\\\/\\\/martinezsanzabogados.com\\\/#organization\"},\"image\":{\"@id\":\"https:\\\/\\\/martinezsanzabogados.com\\\/por-cuarto-ano-consecutivo-best-lawyers-incluye-a-laura-sanchez-entre-los-mejores-abogados-de-espana\\\/#primaryimage\"},\"thumbnailUrl\":\"https:\\\/\\\/martinezsanzabogados.com\\\/wp-content\\\/uploads\\\/2021\\\/03\\\/MARTINEZSANZ-EquipoHumanoCastellon-020-scaled.jpg\",\"keywords\":[\"laura s\u00e1nchez\",\"mejor abogada\",\"mejor abogada mujer\",\"premio\",\"reconocimiento\"],\"articleSection\":[\"Informaci\u00f3n de inter\u00e9s\"],\"inLanguage\":\"en-GB\",\"potentialAction\":[{\"@type\":\"CommentAction\",\"name\":\"Comment\",\"target\":[\"https:\\\/\\\/martinezsanzabogados.com\\\/por-cuarto-ano-consecutivo-best-lawyers-incluye-a-laura-sanchez-entre-los-mejores-abogados-de-espana\\\/#respond\"]}]},{\"@type\":\"WebPage\",\"@id\":\"https:\\\/\\\/martinezsanzabogados.com\\\/por-cuarto-ano-consecutivo-best-lawyers-incluye-a-laura-sanchez-entre-los-mejores-abogados-de-espana\\\/\",\"url\":\"https:\\\/\\\/martinezsanzabogados.com\\\/por-cuarto-ano-consecutivo-best-lawyers-incluye-a-laura-sanchez-entre-los-mejores-abogados-de-espana\\\/\",\"name\":\"Best Lawyers incluye a Laura S\u00e1nchez entre los mejores abogados de Espa\u00f1a - Mart\u00ednez Sanz Abogados\",\"isPartOf\":{\"@id\":\"https:\\\/\\\/martinezsanzabogados.com\\\/#website\"},\"primaryImageOfPage\":{\"@id\":\"https:\\\/\\\/martinezsanzabogados.com\\\/por-cuarto-ano-consecutivo-best-lawyers-incluye-a-laura-sanchez-entre-los-mejores-abogados-de-espana\\\/#primaryimage\"},\"image\":{\"@id\":\"https:\\\/\\\/martinezsanzabogados.com\\\/por-cuarto-ano-consecutivo-best-lawyers-incluye-a-laura-sanchez-entre-los-mejores-abogados-de-espana\\\/#primaryimage\"},\"thumbnailUrl\":\"https:\\\/\\\/martinezsanzabogados.com\\\/wp-content\\\/uploads\\\/2021\\\/03\\\/MARTINEZSANZ-EquipoHumanoCastellon-020-scaled.jpg\",\"datePublished\":\"2021-11-23T11:53:11+00:00\",\"dateModified\":\"2023-09-08T11:58:36+00:00\",\"description\":\"Best Lawyers incluye, por tercera vez consecutiva, a Laura S\u00e1nchez entre los mejores abogados de Espa\u00f1a. Este portal publica un ranking cada a\u00f1o.\",\"breadcrumb\":{\"@id\":\"https:\\\/\\\/martinezsanzabogados.com\\\/por-cuarto-ano-consecutivo-best-lawyers-incluye-a-laura-sanchez-entre-los-mejores-abogados-de-espana\\\/#breadcrumb\"},\"inLanguage\":\"en-GB\",\"potentialAction\":[{\"@type\":\"ReadAction\",\"target\":[\"https:\\\/\\\/martinezsanzabogados.com\\\/por-cuarto-ano-consecutivo-best-lawyers-incluye-a-laura-sanchez-entre-los-mejores-abogados-de-espana\\\/\"]}]},{\"@type\":\"ImageObject\",\"inLanguage\":\"en-GB\",\"@id\":\"https:\\\/\\\/martinezsanzabogados.com\\\/por-cuarto-ano-consecutivo-best-lawyers-incluye-a-laura-sanchez-entre-los-mejores-abogados-de-espana\\\/#primaryimage\",\"url\":\"https:\\\/\\\/martinezsanzabogados.com\\\/wp-content\\\/uploads\\\/2021\\\/03\\\/MARTINEZSANZ-EquipoHumanoCastellon-020-scaled.jpg\",\"contentUrl\":\"https:\\\/\\\/martinezsanzabogados.com\\\/wp-content\\\/uploads\\\/2021\\\/03\\\/MARTINEZSANZ-EquipoHumanoCastellon-020-scaled.jpg\",\"width\":1920,\"height\":1280,\"caption\":\"MARTINEZSANZ EquipoHumanoCastellon 020\"},{\"@type\":\"BreadcrumbList\",\"@id\":\"https:\\\/\\\/martinezsanzabogados.com\\\/por-cuarto-ano-consecutivo-best-lawyers-incluye-a-laura-sanchez-entre-los-mejores-abogados-de-espana\\\/#breadcrumb\",\"itemListElement\":[{\"@type\":\"ListItem\",\"position\":1,\"name\":\"Portada\",\"item\":\"https:\\\/\\\/martinezsanzabogados.com\\\/\"},{\"@type\":\"ListItem\",\"position\":2,\"name\":\"Por cuarto a\u00f1o consecutivo, Best Lawyers incluye a Laura S\u00e1nchez entre los mejores abogados de Espa\u00f1a\"}]},{\"@type\":\"WebSite\",\"@id\":\"https:\\\/\\\/martinezsanzabogados.com\\\/#website\",\"url\":\"https:\\\/\\\/martinezsanzabogados.com\\\/\",\"name\":\"Mart\u00ednez Sanz Abogados\",\"description\":\"\",\"publisher\":{\"@id\":\"https:\\\/\\\/martinezsanzabogados.com\\\/#organization\"},\"potentialAction\":[{\"@type\":\"SearchAction\",\"target\":{\"@type\":\"EntryPoint\",\"urlTemplate\":\"https:\\\/\\\/martinezsanzabogados.com\\\/?s={search_term_string}\"},\"query-input\":{\"@type\":\"PropertyValueSpecification\",\"valueRequired\":true,\"valueName\":\"search_term_string\"}}],\"inLanguage\":\"en-GB\"},{\"@type\":\"Organization\",\"@id\":\"https:\\\/\\\/martinezsanzabogados.com\\\/#organization\",\"name\":\"Mart\u00ednez Sanz Abogados\",\"url\":\"https:\\\/\\\/martinezsanzabogados.com\\\/\",\"logo\":{\"@type\":\"ImageObject\",\"inLanguage\":\"en-GB\",\"@id\":\"https:\\\/\\\/martinezsanzabogados.com\\\/#\\\/schema\\\/logo\\\/image\\\/\",\"url\":\"https:\\\/\\\/martinezsanzabogados.com\\\/wp-content\\\/uploads\\\/2021\\\/10\\\/Logo-Martinez-Sanz.png\",\"contentUrl\":\"https:\\\/\\\/martinezsanzabogados.com\\\/wp-content\\\/uploads\\\/2021\\\/10\\\/Logo-Martinez-Sanz.png\",\"width\":350,\"height\":166,\"caption\":\"Mart\u00ednez Sanz Abogados\"},\"image\":{\"@id\":\"https:\\\/\\\/martinezsanzabogados.com\\\/#\\\/schema\\\/logo\\\/image\\\/\"},\"sameAs\":[\"https:\\\/\\\/www.facebook.com\\\/martinezsanzabogados\"]},{\"@type\":\"Person\",\"@id\":\"https:\\\/\\\/martinezsanzabogados.com\\\/#\\\/schema\\\/person\\\/869a99c54e428fcd47fa53eab44e8379\",\"name\":\"Fernando Mart\u00ednez Sanz\",\"image\":{\"@type\":\"ImageObject\",\"inLanguage\":\"en-GB\",\"@id\":\"https:\\\/\\\/secure.gravatar.com\\\/avatar\\\/c42cdc64dc77e92dcbf5a0ee7ac0a78ac6f21dee78166ff10da4e1bfc8e994e7?s=96&d=mm&r=g\",\"url\":\"https:\\\/\\\/secure.gravatar.com\\\/avatar\\\/c42cdc64dc77e92dcbf5a0ee7ac0a78ac6f21dee78166ff10da4e1bfc8e994e7?s=96&d=mm&r=g\",\"contentUrl\":\"https:\\\/\\\/secure.gravatar.com\\\/avatar\\\/c42cdc64dc77e92dcbf5a0ee7ac0a78ac6f21dee78166ff10da4e1bfc8e994e7?s=96&d=mm&r=g\",\"caption\":\"Fernando Mart\u00ednez Sanz\"},\"description\":\"Doctor en Derecho por la Universidad de Alcal\u00e1 de Henares con la m\u00e1xima calificaci\u00f3n. Premio Extraordinario de Doctorado. Desde 2001 es Catedr\u00e1tico de Derecho Mercantil en la Universitat Jaume I de Castell\u00f3n. Vocal de la Secci\u00f3n Especial de la Comisi\u00f3n General de Codificaci\u00f3n para la reforma del C\u00f3digo de Comercio en materia de contrato de transporte de mercanc\u00edas. Ha impartido multitud de conferencias y cursos en Universidades, Centros y Colegios Profesionales, tanto en Espa\u00f1a como en el extranjero, y es \u00e1rbitro de la Corte de Arbitraje de la C\u00e1mara de Comercio de Castell\u00f3n y Valencia. Es autor de diversos art\u00edculos en revistas jur\u00eddicas nacionales y extranjeras (alemanas e italianas), as\u00ed como de varias monograf\u00edas y publicaciones, tanto en materia de Derecho Mercantil, como en Derecho societario, concursal y de planes de reestructuraci\u00f3n. Tiene una vasta experiencia profesional como administrador concursal en m\u00e1s de 150 procedimientos, habiendo intervenido en diversos procesos de venta de unidades productivas\",\"sameAs\":[\"https:\\\/\\\/www.linkedin.com\\\/in\\\/fernando-martnez-sanz-00819641\"],\"url\":\"https:\\\/\\\/martinezsanzabogados.com\\\/en\\\/author\\\/admin\\\/\"}]}<\/script>\n<!-- \/ Yoast SEO plugin. -->","yoast_head_json":{"title":"Best Lawyers incluye a Laura S\u00e1nchez entre los mejores abogados de Espa\u00f1a - Mart\u00ednez Sanz Abogados","description":"Best Lawyers incluye, por tercera vez consecutiva, a Laura S\u00e1nchez entre los mejores abogados de Espa\u00f1a. Este portal publica un ranking cada a\u00f1o.","robots":{"index":"index","follow":"follow","max-snippet":"max-snippet:-1","max-image-preview":"max-image-preview:large","max-video-preview":"max-video-preview:-1"},"canonical":"https:\/\/martinezsanzabogados.com\/en\/por-cuarto-ano-consecutivo-best-lawyers-incluye-a-laura-sanchez-entre-los-mejores-abogados-de-espana\/","og_locale":"en_GB","og_type":"article","og_title":"Best Lawyers incluye a Laura S\u00e1nchez entre los mejores abogados de Espa\u00f1a - Mart\u00ednez Sanz Abogados","og_description":"Best Lawyers incluye, por tercera vez consecutiva, a Laura S\u00e1nchez entre los mejores abogados de Espa\u00f1a. Este portal publica un ranking cada a\u00f1o.","og_url":"https:\/\/martinezsanzabogados.com\/en\/por-cuarto-ano-consecutivo-best-lawyers-incluye-a-laura-sanchez-entre-los-mejores-abogados-de-espana\/","og_site_name":"Mart\u00ednez Sanz Abogados","article_publisher":"https:\/\/www.facebook.com\/martinezsanzabogados","article_published_time":"2021-11-23T11:53:11+00:00","article_modified_time":"2023-09-08T11:58:36+00:00","og_image":[{"width":1920,"height":1280,"url":"https:\/\/martinezsanzabogados.com\/wp-content\/uploads\/2021\/03\/MARTINEZSANZ-EquipoHumanoCastellon-020-scaled.jpg","type":"image\/jpeg"}],"author":"Fernando Mart\u00ednez Sanz","twitter_card":"summary_large_image","twitter_misc":{"Written by":"Fernando Mart\u00ednez Sanz","Estimated reading time":"1 minute"},"schema":{"@context":"https:\/\/schema.org","@graph":[{"@type":"Article","@id":"https:\/\/martinezsanzabogados.com\/por-cuarto-ano-consecutivo-best-lawyers-incluye-a-laura-sanchez-entre-los-mejores-abogados-de-espana\/#article","isPartOf":{"@id":"https:\/\/martinezsanzabogados.com\/por-cuarto-ano-consecutivo-best-lawyers-incluye-a-laura-sanchez-entre-los-mejores-abogados-de-espana\/"},"author":{"name":"Fernando Mart\u00ednez Sanz","@id":"https:\/\/martinezsanzabogados.com\/#\/schema\/person\/869a99c54e428fcd47fa53eab44e8379"},"headline":"Por cuarto a\u00f1o consecutivo, Best Lawyers incluye a Laura S\u00e1nchez entre los mejores abogados de Espa\u00f1a","datePublished":"2021-11-23T11:53:11+00:00","dateModified":"2023-09-08T11:58:36+00:00","mainEntityOfPage":{"@id":"https:\/\/martinezsanzabogados.com\/por-cuarto-ano-consecutivo-best-lawyers-incluye-a-laura-sanchez-entre-los-mejores-abogados-de-espana\/"},"wordCount":193,"commentCount":0,"publisher":{"@id":"https:\/\/martinezsanzabogados.com\/#organization"},"image":{"@id":"https:\/\/martinezsanzabogados.com\/por-cuarto-ano-consecutivo-best-lawyers-incluye-a-laura-sanchez-entre-los-mejores-abogados-de-espana\/#primaryimage"},"thumbnailUrl":"https:\/\/martinezsanzabogados.com\/wp-content\/uploads\/2021\/03\/MARTINEZSANZ-EquipoHumanoCastellon-020-scaled.jpg","keywords":["laura s\u00e1nchez","mejor abogada","mejor abogada mujer","premio","reconocimiento"],"articleSection":["Informaci\u00f3n de inter\u00e9s"],"inLanguage":"en-GB","potentialAction":[{"@type":"CommentAction","name":"Comment","target":["https:\/\/martinezsanzabogados.com\/por-cuarto-ano-consecutivo-best-lawyers-incluye-a-laura-sanchez-entre-los-mejores-abogados-de-espana\/#respond"]}]},{"@type":"WebPage","@id":"https:\/\/martinezsanzabogados.com\/por-cuarto-ano-consecutivo-best-lawyers-incluye-a-laura-sanchez-entre-los-mejores-abogados-de-espana\/","url":"https:\/\/martinezsanzabogados.com\/por-cuarto-ano-consecutivo-best-lawyers-incluye-a-laura-sanchez-entre-los-mejores-abogados-de-espana\/","name":"Best Lawyers incluye a Laura S\u00e1nchez entre los mejores abogados de Espa\u00f1a - Mart\u00ednez Sanz Abogados","isPartOf":{"@id":"https:\/\/martinezsanzabogados.com\/#website"},"primaryImageOfPage":{"@id":"https:\/\/martinezsanzabogados.com\/por-cuarto-ano-consecutivo-best-lawyers-incluye-a-laura-sanchez-entre-los-mejores-abogados-de-espana\/#primaryimage"},"image":{"@id":"https:\/\/martinezsanzabogados.com\/por-cuarto-ano-consecutivo-best-lawyers-incluye-a-laura-sanchez-entre-los-mejores-abogados-de-espana\/#primaryimage"},"thumbnailUrl":"https:\/\/martinezsanzabogados.com\/wp-content\/uploads\/2021\/03\/MARTINEZSANZ-EquipoHumanoCastellon-020-scaled.jpg","datePublished":"2021-11-23T11:53:11+00:00","dateModified":"2023-09-08T11:58:36+00:00","description":"Best Lawyers incluye, por tercera vez consecutiva, a Laura S\u00e1nchez entre los mejores abogados de Espa\u00f1a. Este portal publica un ranking cada a\u00f1o.","breadcrumb":{"@id":"https:\/\/martinezsanzabogados.com\/por-cuarto-ano-consecutivo-best-lawyers-incluye-a-laura-sanchez-entre-los-mejores-abogados-de-espana\/#breadcrumb"},"inLanguage":"en-GB","potentialAction":[{"@type":"ReadAction","target":["https:\/\/martinezsanzabogados.com\/por-cuarto-ano-consecutivo-best-lawyers-incluye-a-laura-sanchez-entre-los-mejores-abogados-de-espana\/"]}]},{"@type":"ImageObject","inLanguage":"en-GB","@id":"https:\/\/martinezsanzabogados.com\/por-cuarto-ano-consecutivo-best-lawyers-incluye-a-laura-sanchez-entre-los-mejores-abogados-de-espana\/#primaryimage","url":"https:\/\/martinezsanzabogados.com\/wp-content\/uploads\/2021\/03\/MARTINEZSANZ-EquipoHumanoCastellon-020-scaled.jpg","contentUrl":"https:\/\/martinezsanzabogados.com\/wp-content\/uploads\/2021\/03\/MARTINEZSANZ-EquipoHumanoCastellon-020-scaled.jpg","width":1920,"height":1280,"caption":"MARTINEZSANZ EquipoHumanoCastellon 020"},{"@type":"BreadcrumbList","@id":"https:\/\/martinezsanzabogados.com\/por-cuarto-ano-consecutivo-best-lawyers-incluye-a-laura-sanchez-entre-los-mejores-abogados-de-espana\/#breadcrumb","itemListElement":[{"@type":"ListItem","position":1,"name":"Portada","item":"https:\/\/martinezsanzabogados.com\/"},{"@type":"ListItem","position":2,"name":"Por cuarto a\u00f1o consecutivo, Best Lawyers incluye a Laura S\u00e1nchez entre los mejores abogados de Espa\u00f1a"}]},{"@type":"WebSite","@id":"https:\/\/martinezsanzabogados.com\/#website","url":"https:\/\/martinezsanzabogados.com\/","name":"Mart\u00ednez Sanz Lawyers","description":"","publisher":{"@id":"https:\/\/martinezsanzabogados.com\/#organization"},"potentialAction":[{"@type":"SearchAction","target":{"@type":"EntryPoint","urlTemplate":"https:\/\/martinezsanzabogados.com\/?s={search_term_string}"},"query-input":{"@type":"PropertyValueSpecification","valueRequired":true,"valueName":"search_term_string"}}],"inLanguage":"en-GB"},{"@type":"Organization","@id":"https:\/\/martinezsanzabogados.com\/#organization","name":"Mart\u00ednez Sanz Lawyers","url":"https:\/\/martinezsanzabogados.com\/","logo":{"@type":"ImageObject","inLanguage":"en-GB","@id":"https:\/\/martinezsanzabogados.com\/#\/schema\/logo\/image\/","url":"https:\/\/martinezsanzabogados.com\/wp-content\/uploads\/2021\/10\/Logo-Martinez-Sanz.png","contentUrl":"https:\/\/martinezsanzabogados.com\/wp-content\/uploads\/2021\/10\/Logo-Martinez-Sanz.png","width":350,"height":166,"caption":"Mart\u00ednez Sanz Abogados"},"image":{"@id":"https:\/\/martinezsanzabogados.com\/#\/schema\/logo\/image\/"},"sameAs":["https:\/\/www.facebook.com\/martinezsanzabogados"]},{"@type":"Person","@id":"https:\/\/martinezsanzabogados.com\/#\/schema\/person\/869a99c54e428fcd47fa53eab44e8379","name":"Fernando Mart\u00ednez Sanz","image":{"@type":"ImageObject","inLanguage":"en-GB","@id":"https:\/\/secure.gravatar.com\/avatar\/c42cdc64dc77e92dcbf5a0ee7ac0a78ac6f21dee78166ff10da4e1bfc8e994e7?s=96&d=mm&r=g","url":"https:\/\/secure.gravatar.com\/avatar\/c42cdc64dc77e92dcbf5a0ee7ac0a78ac6f21dee78166ff10da4e1bfc8e994e7?s=96&d=mm&r=g","contentUrl":"https:\/\/secure.gravatar.com\/avatar\/c42cdc64dc77e92dcbf5a0ee7ac0a78ac6f21dee78166ff10da4e1bfc8e994e7?s=96&d=mm&r=g","caption":"Fernando Mart\u00ednez Sanz"},"description":"PhD in Law from the University of Alcal\u00e1 de Henares with the highest qualification. Extraordinary Doctorate Award. Since 2001 he has been Professor of Commercial Law at the Universitat Jaume I in Castell\u00f3n. Member of the Special Section of the General Codification Commission for the reform of the Commercial Code in the field of the contract of carriage of goods. He has given many lectures and courses at Universities, Centres and Professional Associations, both in Spain and abroad, and is an arbitrator at the Court of Arbitration of the Chamber of Commerce of Castell\u00f3n and Valencia. He is the author of several articles in national and foreign legal journals (German and Italian), as well as of several monographs and publications, both on commercial law, corporate law, insolvency law and restructuring plans. He has extensive professional experience as an insolvency administrator in more than 150 insolvency proceedings, having been involved in several sales of production units.","sameAs":["https:\/\/www.linkedin.com\/in\/fernando-martnez-sanz-00819641"],"url":"https:\/\/martinezsanzabogados.com\/en\/author\/admin\/"}]}},"_links":{"self":[{"href":"https:\/\/martinezsanzabogados.com\/en\/wp-json\/wp\/v2\/posts\/6594","targetHints":{"allow":["GET"]}}],"collection":[{"href":"https:\/\/martinezsanzabogados.com\/en\/wp-json\/wp\/v2\/posts"}],"about":[{"href":"https:\/\/martinezsanzabogados.com\/en\/wp-json\/wp\/v2\/types\/post"}],"author":[{"embeddable":true,"href":"https:\/\/martinezsanzabogados.com\/en\/wp-json\/wp\/v2\/users\/5"}],"replies":[{"embeddable":true,"href":"https:\/\/martinezsanzabogados.com\/en\/wp-json\/wp\/v2\/comments?post=6594"}],"version-history":[{"count":0,"href":"https:\/\/martinezsanzabogados.com\/en\/wp-json\/wp\/v2\/posts\/6594\/revisions"}],"wp:featuredmedia":[{"embeddable":true,"href":"https:\/\/martinezsanzabogados.com\/en\/wp-json\/wp\/v2\/media\/6364"}],"wp:attachment":[{"href":"https:\/\/martinezsanzabogados.com\/en\/wp-json\/wp\/v2\/media?parent=6594"}],"wp:term":[{"taxonomy":"category","embeddable":true,"href":"https:\/\/martinezsanzabogados.com\/en\/wp-json\/wp\/v2\/categories?post=6594"},{"taxonomy":"post_tag","embeddable":true,"href":"https:\/\/martinezsanzabogados.com\/en\/wp-json\/wp\/v2\/tags?post=6594"}],"curies":[{"name":"wp","href":"https:\/\/api.w.org\/{rel}","templated":true}]}}