{"id":6481,"date":"2021-05-25T08:02:50","date_gmt":"2021-05-25T06:02:50","guid":{"rendered":"http:\/\/martinezsanzabogados.com\/?p=6481"},"modified":"2023-09-08T14:00:41","modified_gmt":"2023-09-08T12:00:41","slug":"acuerdos-sociales-de-forma-informal","status":"publish","type":"post","link":"https:\/\/martinezsanzabogados.com\/en\/acuerdos-sociales-de-forma-informal\/","title":{"rendered":"LA CERTIFICACI\u00d3N DE ACUERDOS SOCIALES DE FORMA INFORMAL PUEDE SER CONSTITUTIVO DE DELITO"},"content":{"rendered":"<p>En las fechas en las que nos encontramos, las gestor\u00edas est\u00e1n inmersas, como cada a\u00f1o, en la elaboraci\u00f3n de las cuentas anuales de las empresas que tienen como clientes. En este caso, las relativas al ejercicio 2020, para su posterior deposito en el Registro Mercantil. Es requisito obligatorio, tal y como establece el art\u00edculo 366.1.2\u00ba del <a href=\"https:\/\/www.boe.es\/buscar\/act.php?id=BOE-A-1996-17533\">Reglamento del Registro Mercantil<\/a>, acompa\u00f1ar a las mismas el certificado del acuerdo tomado en la Junta General que se tiene que celebrar antes del 30 de junio, que contiene la aprobaci\u00f3n de las cuentas. Es en estos momentos cuando vemos que la certificaci\u00f3n de acuerdos sociales de forma informal, puede ser constitutivo de delito.<\/p>\n<h4>\u00bfQu\u00e9 significa certificar un acuerdo social de forma informal?<\/h4>\n<p>Los socios deben adoptar determinados acuerdos reunidos en Junta General, como es el caso de la aprobaci\u00f3n de las cuentas anuales. Esto lo establece el art\u00edculo 159.1 en relaci\u00f3n con el precepto 160 apartado a) del <a href=\"https:\/\/www.boe.es\/buscar\/act.php?id=BOE-A-2010-10544\">Real Decreto 1\/2010<\/a>, de 2 de julio, por el que se aprueba el Texto Refundido de la Ley de Sociedades de Capital. No obstante, en peque\u00f1as empresas es una pr\u00e1ctica muy habitual para ahorrar tiempo, que dicho acuerdo se tome de un modo m\u00e1s informal y sin reunirse en Junta Universal. De este modo, se les hace llegar a todos los socios la documentaci\u00f3n relativa a las cuentas anuales para su conocimiento y estudio, y si todos est\u00e1n conformes, se entienden aprobadas. Realizado este tr\u00e1mite, son las propias gestor\u00edas las que se encargan de elaborar cada a\u00f1o la certificaci\u00f3n del acuerdo adoptado por los socios en Junta Universal, la firma el administrador y se presenta junto a las cuentas anuales en el Registro Mercantil.<\/p>\n<p>Este <em>modus operandi<\/em> que puede parecer a priori inofensivo y muy c\u00f3modo para la empresa, puede convertirse en un gran problema para el administrador, si la relaci\u00f3n entre los socios no es buena o si con el paso del tiempo se deteriora por conflictos entre los mismos. As\u00ed, podr\u00eda incurrir en responsabilidad penal por la posible comisi\u00f3n de un delito de falsificaci\u00f3n de documento mercantil previsto en el art\u00edculo 290 del C\u00f3digo penal, que lleva aparejada pena de prisi\u00f3n de uno a tres a\u00f1os y multa de seis a doce meses.<\/p>\n<h4>\u00bfC\u00f3mo evitar esta situaci\u00f3n?<\/h4>\n<p>Lo preocupante es que las empresas desconocen las graves consecuencias de llevar a cabo esta conducta tan com\u00fan. Por ello, en aras de evitar este infortunio, hay que cumplir con lo preceptuado legalmente y reunirse en Junta para la aprobaci\u00f3n de las cuentas anuales. En el caso de no poder cumplir este tr\u00e1mite, es fundamental que como en todo acuerdo social aprobado en Junta, el mismo se haga constar en acta y esta se remita a todos los socios para su firma y posterior inclusi\u00f3n en el libro de actas. De este modo, aunque no se re\u00fana el \u00f3rgano social en Junta para la aprobaci\u00f3n de las cuentas anuales, con la certificaci\u00f3n elaborada por la gestor\u00eda y firmada por el administrador, no se comete actuaci\u00f3n delictiva alguna. Esto ocurre porque, con el acta firmada por todos los socios, queda acreditado que conocen y consienten el acuerdo que se certifica que se ha tomado en Junta Universal, otorgando as\u00ed tranquilidad al administrador.<\/p>\n<p>Por cuestiones como estas es fundamental contar con profesionales en la materia. En <a href=\"http:\/\/martinezsanzabogados.com\/en\/\">Mart\u00ednez Sanz Lawyers<\/a> somos expertos en Derecho societario y mercantil. Si necesitas asesoramiento legal, no dudes en contactarnos.<\/p>\n<p>&nbsp;<\/p>\n<div id=\"attachment_6375\" style=\"width: 186px\" class=\"wp-caption alignnone\"><img decoding=\"async\" aria-describedby=\"caption-attachment-6375\" class=\"wp-image-6375\" src=\"https:\/\/martinezsanzabogados.com\/wp-content\/uploads\/2021\/03\/MARTINEZSANZ-EquipoHumanoCastellon-025-1.jpg\" alt=\"\" width=\"176\" height=\"176\" srcset=\"https:\/\/martinezsanzabogados.com\/wp-content\/uploads\/2021\/03\/MARTINEZSANZ-EquipoHumanoCastellon-025-1.jpg 1202w, https:\/\/martinezsanzabogados.com\/wp-content\/uploads\/2021\/03\/MARTINEZSANZ-EquipoHumanoCastellon-025-1-300x300.jpg 300w, https:\/\/martinezsanzabogados.com\/wp-content\/uploads\/2021\/03\/MARTINEZSANZ-EquipoHumanoCastellon-025-1-1024x1024.jpg 1024w, https:\/\/martinezsanzabogados.com\/wp-content\/uploads\/2021\/03\/MARTINEZSANZ-EquipoHumanoCastellon-025-1-500x500.jpg 500w, https:\/\/martinezsanzabogados.com\/wp-content\/uploads\/2021\/03\/MARTINEZSANZ-EquipoHumanoCastellon-025-1-768x768.jpg 768w, https:\/\/martinezsanzabogados.com\/wp-content\/uploads\/2021\/03\/MARTINEZSANZ-EquipoHumanoCastellon-025-1-150x150.jpg 150w\" sizes=\"(max-width: 176px) 100vw, 176px\" \/><p id=\"caption-attachment-6375\" class=\"wp-caption-text\">Sara Teyssiere Guti\u00e9rrez. Abogada.<\/p><\/div>","protected":false},"excerpt":{"rendered":"<p>En las fechas en las que nos encontramos, las gestor\u00edas est\u00e1n inmersas, como cada a\u00f1o, en la elaboraci\u00f3n de las cuentas anuales de las empresas que tienen como clientes. En este caso, las relativas al ejercicio 2020, para su posterior deposito en el Registro Mercantil. Es requisito obligatorio, tal y como establece el art\u00edculo 366.1.2\u00ba [&hellip;]<\/p>","protected":false},"author":5,"featured_media":6483,"comment_status":"open","ping_status":"closed","sticky":false,"template":"","format":"standard","meta":{"footnotes":""},"categories":[710],"tags":[56,136,148,152,166,175],"class_list":["post-6481","post","type-post","status-publish","format-standard","has-post-thumbnail","hentry","category-informacion-de-interes","tag-acuerdos-sociales","tag-delito","tag-derecho-mercantil","tag-derecho-societario","tag-ejercicio-2020","tag-empresas"],"yoast_head":"<!-- This site is optimized with the Yoast SEO plugin v27.4 - https:\/\/yoast.com\/product\/yoast-seo-wordpress\/ -->\n<title>Acuerdos sociales de forma informal. Pueden ser delito - Mart\u00ednez-Sanz Abogados<\/title>\n<meta name=\"description\" content=\"Durante la elaboraci\u00f3n de las cuentas anuales, la certificaci\u00f3n de acuerdos sociales de forma informal, puede ser constitutivo de delito.\" \/>\n<meta name=\"robots\" content=\"index, follow, max-snippet:-1, max-image-preview:large, max-video-preview:-1\" \/>\n<link rel=\"canonical\" href=\"https:\/\/martinezsanzabogados.com\/en\/acuerdos-sociales-de-forma-informal\/\" \/>\n<meta property=\"og:locale\" content=\"en_GB\" \/>\n<meta property=\"og:type\" content=\"article\" \/>\n<meta property=\"og:title\" content=\"Acuerdos sociales de forma informal. Pueden ser delito - Mart\u00ednez-Sanz Abogados\" \/>\n<meta property=\"og:description\" content=\"Durante la elaboraci\u00f3n de las cuentas anuales, la certificaci\u00f3n de acuerdos sociales de forma informal, puede ser constitutivo de delito.\" \/>\n<meta property=\"og:url\" content=\"https:\/\/martinezsanzabogados.com\/en\/acuerdos-sociales-de-forma-informal\/\" \/>\n<meta property=\"og:site_name\" content=\"Mart\u00ednez Sanz Abogados\" \/>\n<meta property=\"article:publisher\" content=\"https:\/\/www.facebook.com\/martinezsanzabogados\" \/>\n<meta property=\"article:published_time\" content=\"2021-05-25T06:02:50+00:00\" \/>\n<meta property=\"article:modified_time\" content=\"2023-09-08T12:00:41+00:00\" \/>\n<meta property=\"og:image\" content=\"https:\/\/martinezsanzabogados.com\/wp-content\/uploads\/2021\/05\/acuerdos-informales.png\" \/>\n\t<meta property=\"og:image:width\" content=\"1387\" \/>\n\t<meta property=\"og:image:height\" content=\"926\" \/>\n\t<meta property=\"og:image:type\" content=\"image\/png\" \/>\n<meta name=\"author\" content=\"Fernando Mart\u00ednez Sanz\" \/>\n<meta name=\"twitter:card\" content=\"summary_large_image\" \/>\n<meta name=\"twitter:label1\" content=\"Written by\" \/>\n\t<meta name=\"twitter:data1\" content=\"Fernando Mart\u00ednez Sanz\" \/>\n\t<meta name=\"twitter:label2\" content=\"Estimated reading time\" \/>\n\t<meta name=\"twitter:data2\" content=\"3 minutes\" \/>\n<script type=\"application\/ld+json\" class=\"yoast-schema-graph\">{\"@context\":\"https:\\\/\\\/schema.org\",\"@graph\":[{\"@type\":\"Article\",\"@id\":\"https:\\\/\\\/martinezsanzabogados.com\\\/acuerdos-sociales-de-forma-informal\\\/#article\",\"isPartOf\":{\"@id\":\"https:\\\/\\\/martinezsanzabogados.com\\\/acuerdos-sociales-de-forma-informal\\\/\"},\"author\":{\"name\":\"Fernando Mart\u00ednez Sanz\",\"@id\":\"https:\\\/\\\/martinezsanzabogados.com\\\/#\\\/schema\\\/person\\\/869a99c54e428fcd47fa53eab44e8379\"},\"headline\":\"LA CERTIFICACI\u00d3N DE ACUERDOS SOCIALES DE FORMA INFORMAL PUEDE SER CONSTITUTIVO DE DELITO\",\"datePublished\":\"2021-05-25T06:02:50+00:00\",\"dateModified\":\"2023-09-08T12:00:41+00:00\",\"mainEntityOfPage\":{\"@id\":\"https:\\\/\\\/martinezsanzabogados.com\\\/acuerdos-sociales-de-forma-informal\\\/\"},\"wordCount\":626,\"commentCount\":0,\"publisher\":{\"@id\":\"https:\\\/\\\/martinezsanzabogados.com\\\/#organization\"},\"image\":{\"@id\":\"https:\\\/\\\/martinezsanzabogados.com\\\/acuerdos-sociales-de-forma-informal\\\/#primaryimage\"},\"thumbnailUrl\":\"https:\\\/\\\/martinezsanzabogados.com\\\/wp-content\\\/uploads\\\/2021\\\/05\\\/acuerdos-informales.png\",\"keywords\":[\"acuerdos sociales\",\"delito\",\"derecho mercantil\",\"derecho societario\",\"ejercicio 2020\",\"empresas\"],\"articleSection\":[\"Informaci\u00f3n de inter\u00e9s\"],\"inLanguage\":\"en-GB\",\"potentialAction\":[{\"@type\":\"CommentAction\",\"name\":\"Comment\",\"target\":[\"https:\\\/\\\/martinezsanzabogados.com\\\/acuerdos-sociales-de-forma-informal\\\/#respond\"]}]},{\"@type\":\"WebPage\",\"@id\":\"https:\\\/\\\/martinezsanzabogados.com\\\/acuerdos-sociales-de-forma-informal\\\/\",\"url\":\"https:\\\/\\\/martinezsanzabogados.com\\\/acuerdos-sociales-de-forma-informal\\\/\",\"name\":\"Acuerdos sociales de forma informal. Pueden ser delito - Mart\u00ednez-Sanz Abogados\",\"isPartOf\":{\"@id\":\"https:\\\/\\\/martinezsanzabogados.com\\\/#website\"},\"primaryImageOfPage\":{\"@id\":\"https:\\\/\\\/martinezsanzabogados.com\\\/acuerdos-sociales-de-forma-informal\\\/#primaryimage\"},\"image\":{\"@id\":\"https:\\\/\\\/martinezsanzabogados.com\\\/acuerdos-sociales-de-forma-informal\\\/#primaryimage\"},\"thumbnailUrl\":\"https:\\\/\\\/martinezsanzabogados.com\\\/wp-content\\\/uploads\\\/2021\\\/05\\\/acuerdos-informales.png\",\"datePublished\":\"2021-05-25T06:02:50+00:00\",\"dateModified\":\"2023-09-08T12:00:41+00:00\",\"description\":\"Durante la elaboraci\u00f3n de las cuentas anuales, la certificaci\u00f3n de acuerdos sociales de forma informal, puede ser constitutivo de delito.\",\"breadcrumb\":{\"@id\":\"https:\\\/\\\/martinezsanzabogados.com\\\/acuerdos-sociales-de-forma-informal\\\/#breadcrumb\"},\"inLanguage\":\"en-GB\",\"potentialAction\":[{\"@type\":\"ReadAction\",\"target\":[\"https:\\\/\\\/martinezsanzabogados.com\\\/acuerdos-sociales-de-forma-informal\\\/\"]}]},{\"@type\":\"ImageObject\",\"inLanguage\":\"en-GB\",\"@id\":\"https:\\\/\\\/martinezsanzabogados.com\\\/acuerdos-sociales-de-forma-informal\\\/#primaryimage\",\"url\":\"https:\\\/\\\/martinezsanzabogados.com\\\/wp-content\\\/uploads\\\/2021\\\/05\\\/acuerdos-informales.png\",\"contentUrl\":\"https:\\\/\\\/martinezsanzabogados.com\\\/wp-content\\\/uploads\\\/2021\\\/05\\\/acuerdos-informales.png\",\"width\":1387,\"height\":926,\"caption\":\"acuerdos informales\"},{\"@type\":\"BreadcrumbList\",\"@id\":\"https:\\\/\\\/martinezsanzabogados.com\\\/acuerdos-sociales-de-forma-informal\\\/#breadcrumb\",\"itemListElement\":[{\"@type\":\"ListItem\",\"position\":1,\"name\":\"Portada\",\"item\":\"https:\\\/\\\/martinezsanzabogados.com\\\/\"},{\"@type\":\"ListItem\",\"position\":2,\"name\":\"LA CERTIFICACI\u00d3N DE ACUERDOS SOCIALES DE FORMA INFORMAL PUEDE SER CONSTITUTIVO DE DELITO\"}]},{\"@type\":\"WebSite\",\"@id\":\"https:\\\/\\\/martinezsanzabogados.com\\\/#website\",\"url\":\"https:\\\/\\\/martinezsanzabogados.com\\\/\",\"name\":\"Mart\u00ednez Sanz Abogados\",\"description\":\"\",\"publisher\":{\"@id\":\"https:\\\/\\\/martinezsanzabogados.com\\\/#organization\"},\"potentialAction\":[{\"@type\":\"SearchAction\",\"target\":{\"@type\":\"EntryPoint\",\"urlTemplate\":\"https:\\\/\\\/martinezsanzabogados.com\\\/?s={search_term_string}\"},\"query-input\":{\"@type\":\"PropertyValueSpecification\",\"valueRequired\":true,\"valueName\":\"search_term_string\"}}],\"inLanguage\":\"en-GB\"},{\"@type\":\"Organization\",\"@id\":\"https:\\\/\\\/martinezsanzabogados.com\\\/#organization\",\"name\":\"Mart\u00ednez Sanz Abogados\",\"url\":\"https:\\\/\\\/martinezsanzabogados.com\\\/\",\"logo\":{\"@type\":\"ImageObject\",\"inLanguage\":\"en-GB\",\"@id\":\"https:\\\/\\\/martinezsanzabogados.com\\\/#\\\/schema\\\/logo\\\/image\\\/\",\"url\":\"https:\\\/\\\/martinezsanzabogados.com\\\/wp-content\\\/uploads\\\/2021\\\/10\\\/Logo-Martinez-Sanz.png\",\"contentUrl\":\"https:\\\/\\\/martinezsanzabogados.com\\\/wp-content\\\/uploads\\\/2021\\\/10\\\/Logo-Martinez-Sanz.png\",\"width\":350,\"height\":166,\"caption\":\"Mart\u00ednez Sanz Abogados\"},\"image\":{\"@id\":\"https:\\\/\\\/martinezsanzabogados.com\\\/#\\\/schema\\\/logo\\\/image\\\/\"},\"sameAs\":[\"https:\\\/\\\/www.facebook.com\\\/martinezsanzabogados\"]},{\"@type\":\"Person\",\"@id\":\"https:\\\/\\\/martinezsanzabogados.com\\\/#\\\/schema\\\/person\\\/869a99c54e428fcd47fa53eab44e8379\",\"name\":\"Fernando Mart\u00ednez Sanz\",\"image\":{\"@type\":\"ImageObject\",\"inLanguage\":\"en-GB\",\"@id\":\"https:\\\/\\\/secure.gravatar.com\\\/avatar\\\/c42cdc64dc77e92dcbf5a0ee7ac0a78ac6f21dee78166ff10da4e1bfc8e994e7?s=96&d=mm&r=g\",\"url\":\"https:\\\/\\\/secure.gravatar.com\\\/avatar\\\/c42cdc64dc77e92dcbf5a0ee7ac0a78ac6f21dee78166ff10da4e1bfc8e994e7?s=96&d=mm&r=g\",\"contentUrl\":\"https:\\\/\\\/secure.gravatar.com\\\/avatar\\\/c42cdc64dc77e92dcbf5a0ee7ac0a78ac6f21dee78166ff10da4e1bfc8e994e7?s=96&d=mm&r=g\",\"caption\":\"Fernando Mart\u00ednez Sanz\"},\"description\":\"Doctor en Derecho por la Universidad de Alcal\u00e1 de Henares con la m\u00e1xima calificaci\u00f3n. Premio Extraordinario de Doctorado. Desde 2001 es Catedr\u00e1tico de Derecho Mercantil en la Universitat Jaume I de Castell\u00f3n. Vocal de la Secci\u00f3n Especial de la Comisi\u00f3n General de Codificaci\u00f3n para la reforma del C\u00f3digo de Comercio en materia de contrato de transporte de mercanc\u00edas. Ha impartido multitud de conferencias y cursos en Universidades, Centros y Colegios Profesionales, tanto en Espa\u00f1a como en el extranjero, y es \u00e1rbitro de la Corte de Arbitraje de la C\u00e1mara de Comercio de Castell\u00f3n y Valencia. Es autor de diversos art\u00edculos en revistas jur\u00eddicas nacionales y extranjeras (alemanas e italianas), as\u00ed como de varias monograf\u00edas y publicaciones, tanto en materia de Derecho Mercantil, como en Derecho societario, concursal y de planes de reestructuraci\u00f3n. Tiene una vasta experiencia profesional como administrador concursal en m\u00e1s de 150 procedimientos, habiendo intervenido en diversos procesos de venta de unidades productivas\",\"sameAs\":[\"https:\\\/\\\/www.linkedin.com\\\/in\\\/fernando-martnez-sanz-00819641\"],\"url\":\"https:\\\/\\\/martinezsanzabogados.com\\\/en\\\/author\\\/admin\\\/\"}]}<\/script>\n<!-- \/ Yoast SEO plugin. -->","yoast_head_json":{"title":"Acuerdos sociales de forma informal. Pueden ser delito - Mart\u00ednez-Sanz Abogados","description":"Durante la elaboraci\u00f3n de las cuentas anuales, la certificaci\u00f3n de acuerdos sociales de forma informal, puede ser constitutivo de delito.","robots":{"index":"index","follow":"follow","max-snippet":"max-snippet:-1","max-image-preview":"max-image-preview:large","max-video-preview":"max-video-preview:-1"},"canonical":"https:\/\/martinezsanzabogados.com\/en\/acuerdos-sociales-de-forma-informal\/","og_locale":"en_GB","og_type":"article","og_title":"Acuerdos sociales de forma informal. Pueden ser delito - Mart\u00ednez-Sanz Abogados","og_description":"Durante la elaboraci\u00f3n de las cuentas anuales, la certificaci\u00f3n de acuerdos sociales de forma informal, puede ser constitutivo de delito.","og_url":"https:\/\/martinezsanzabogados.com\/en\/acuerdos-sociales-de-forma-informal\/","og_site_name":"Mart\u00ednez Sanz Abogados","article_publisher":"https:\/\/www.facebook.com\/martinezsanzabogados","article_published_time":"2021-05-25T06:02:50+00:00","article_modified_time":"2023-09-08T12:00:41+00:00","og_image":[{"width":1387,"height":926,"url":"https:\/\/martinezsanzabogados.com\/wp-content\/uploads\/2021\/05\/acuerdos-informales.png","type":"image\/png"}],"author":"Fernando Mart\u00ednez Sanz","twitter_card":"summary_large_image","twitter_misc":{"Written by":"Fernando Mart\u00ednez Sanz","Estimated reading time":"3 minutes"},"schema":{"@context":"https:\/\/schema.org","@graph":[{"@type":"Article","@id":"https:\/\/martinezsanzabogados.com\/acuerdos-sociales-de-forma-informal\/#article","isPartOf":{"@id":"https:\/\/martinezsanzabogados.com\/acuerdos-sociales-de-forma-informal\/"},"author":{"name":"Fernando Mart\u00ednez Sanz","@id":"https:\/\/martinezsanzabogados.com\/#\/schema\/person\/869a99c54e428fcd47fa53eab44e8379"},"headline":"LA CERTIFICACI\u00d3N DE ACUERDOS SOCIALES DE FORMA INFORMAL PUEDE SER CONSTITUTIVO DE DELITO","datePublished":"2021-05-25T06:02:50+00:00","dateModified":"2023-09-08T12:00:41+00:00","mainEntityOfPage":{"@id":"https:\/\/martinezsanzabogados.com\/acuerdos-sociales-de-forma-informal\/"},"wordCount":626,"commentCount":0,"publisher":{"@id":"https:\/\/martinezsanzabogados.com\/#organization"},"image":{"@id":"https:\/\/martinezsanzabogados.com\/acuerdos-sociales-de-forma-informal\/#primaryimage"},"thumbnailUrl":"https:\/\/martinezsanzabogados.com\/wp-content\/uploads\/2021\/05\/acuerdos-informales.png","keywords":["acuerdos sociales","delito","derecho mercantil","derecho societario","ejercicio 2020","empresas"],"articleSection":["Informaci\u00f3n de inter\u00e9s"],"inLanguage":"en-GB","potentialAction":[{"@type":"CommentAction","name":"Comment","target":["https:\/\/martinezsanzabogados.com\/acuerdos-sociales-de-forma-informal\/#respond"]}]},{"@type":"WebPage","@id":"https:\/\/martinezsanzabogados.com\/acuerdos-sociales-de-forma-informal\/","url":"https:\/\/martinezsanzabogados.com\/acuerdos-sociales-de-forma-informal\/","name":"Acuerdos sociales de forma informal. Pueden ser delito - Mart\u00ednez-Sanz Abogados","isPartOf":{"@id":"https:\/\/martinezsanzabogados.com\/#website"},"primaryImageOfPage":{"@id":"https:\/\/martinezsanzabogados.com\/acuerdos-sociales-de-forma-informal\/#primaryimage"},"image":{"@id":"https:\/\/martinezsanzabogados.com\/acuerdos-sociales-de-forma-informal\/#primaryimage"},"thumbnailUrl":"https:\/\/martinezsanzabogados.com\/wp-content\/uploads\/2021\/05\/acuerdos-informales.png","datePublished":"2021-05-25T06:02:50+00:00","dateModified":"2023-09-08T12:00:41+00:00","description":"Durante la elaboraci\u00f3n de las cuentas anuales, la certificaci\u00f3n de acuerdos sociales de forma informal, puede ser constitutivo de delito.","breadcrumb":{"@id":"https:\/\/martinezsanzabogados.com\/acuerdos-sociales-de-forma-informal\/#breadcrumb"},"inLanguage":"en-GB","potentialAction":[{"@type":"ReadAction","target":["https:\/\/martinezsanzabogados.com\/acuerdos-sociales-de-forma-informal\/"]}]},{"@type":"ImageObject","inLanguage":"en-GB","@id":"https:\/\/martinezsanzabogados.com\/acuerdos-sociales-de-forma-informal\/#primaryimage","url":"https:\/\/martinezsanzabogados.com\/wp-content\/uploads\/2021\/05\/acuerdos-informales.png","contentUrl":"https:\/\/martinezsanzabogados.com\/wp-content\/uploads\/2021\/05\/acuerdos-informales.png","width":1387,"height":926,"caption":"acuerdos informales"},{"@type":"BreadcrumbList","@id":"https:\/\/martinezsanzabogados.com\/acuerdos-sociales-de-forma-informal\/#breadcrumb","itemListElement":[{"@type":"ListItem","position":1,"name":"Portada","item":"https:\/\/martinezsanzabogados.com\/"},{"@type":"ListItem","position":2,"name":"LA CERTIFICACI\u00d3N DE ACUERDOS SOCIALES DE FORMA INFORMAL PUEDE SER CONSTITUTIVO DE DELITO"}]},{"@type":"WebSite","@id":"https:\/\/martinezsanzabogados.com\/#website","url":"https:\/\/martinezsanzabogados.com\/","name":"Mart\u00ednez Sanz Lawyers","description":"","publisher":{"@id":"https:\/\/martinezsanzabogados.com\/#organization"},"potentialAction":[{"@type":"SearchAction","target":{"@type":"EntryPoint","urlTemplate":"https:\/\/martinezsanzabogados.com\/?s={search_term_string}"},"query-input":{"@type":"PropertyValueSpecification","valueRequired":true,"valueName":"search_term_string"}}],"inLanguage":"en-GB"},{"@type":"Organization","@id":"https:\/\/martinezsanzabogados.com\/#organization","name":"Mart\u00ednez Sanz Lawyers","url":"https:\/\/martinezsanzabogados.com\/","logo":{"@type":"ImageObject","inLanguage":"en-GB","@id":"https:\/\/martinezsanzabogados.com\/#\/schema\/logo\/image\/","url":"https:\/\/martinezsanzabogados.com\/wp-content\/uploads\/2021\/10\/Logo-Martinez-Sanz.png","contentUrl":"https:\/\/martinezsanzabogados.com\/wp-content\/uploads\/2021\/10\/Logo-Martinez-Sanz.png","width":350,"height":166,"caption":"Mart\u00ednez Sanz Abogados"},"image":{"@id":"https:\/\/martinezsanzabogados.com\/#\/schema\/logo\/image\/"},"sameAs":["https:\/\/www.facebook.com\/martinezsanzabogados"]},{"@type":"Person","@id":"https:\/\/martinezsanzabogados.com\/#\/schema\/person\/869a99c54e428fcd47fa53eab44e8379","name":"Fernando Mart\u00ednez Sanz","image":{"@type":"ImageObject","inLanguage":"en-GB","@id":"https:\/\/secure.gravatar.com\/avatar\/c42cdc64dc77e92dcbf5a0ee7ac0a78ac6f21dee78166ff10da4e1bfc8e994e7?s=96&d=mm&r=g","url":"https:\/\/secure.gravatar.com\/avatar\/c42cdc64dc77e92dcbf5a0ee7ac0a78ac6f21dee78166ff10da4e1bfc8e994e7?s=96&d=mm&r=g","contentUrl":"https:\/\/secure.gravatar.com\/avatar\/c42cdc64dc77e92dcbf5a0ee7ac0a78ac6f21dee78166ff10da4e1bfc8e994e7?s=96&d=mm&r=g","caption":"Fernando Mart\u00ednez Sanz"},"description":"PhD in Law from the University of Alcal\u00e1 de Henares with the highest qualification. Extraordinary Doctorate Award. Since 2001 he has been Professor of Commercial Law at the Universitat Jaume I in Castell\u00f3n. Member of the Special Section of the General Codification Commission for the reform of the Commercial Code in the field of the contract of carriage of goods. He has given many lectures and courses at Universities, Centres and Professional Associations, both in Spain and abroad, and is an arbitrator at the Court of Arbitration of the Chamber of Commerce of Castell\u00f3n and Valencia. He is the author of several articles in national and foreign legal journals (German and Italian), as well as of several monographs and publications, both on commercial law, corporate law, insolvency law and restructuring plans. He has extensive professional experience as an insolvency administrator in more than 150 insolvency proceedings, having been involved in several sales of production units.","sameAs":["https:\/\/www.linkedin.com\/in\/fernando-martnez-sanz-00819641"],"url":"https:\/\/martinezsanzabogados.com\/en\/author\/admin\/"}]}},"_links":{"self":[{"href":"https:\/\/martinezsanzabogados.com\/en\/wp-json\/wp\/v2\/posts\/6481","targetHints":{"allow":["GET"]}}],"collection":[{"href":"https:\/\/martinezsanzabogados.com\/en\/wp-json\/wp\/v2\/posts"}],"about":[{"href":"https:\/\/martinezsanzabogados.com\/en\/wp-json\/wp\/v2\/types\/post"}],"author":[{"embeddable":true,"href":"https:\/\/martinezsanzabogados.com\/en\/wp-json\/wp\/v2\/users\/5"}],"replies":[{"embeddable":true,"href":"https:\/\/martinezsanzabogados.com\/en\/wp-json\/wp\/v2\/comments?post=6481"}],"version-history":[{"count":0,"href":"https:\/\/martinezsanzabogados.com\/en\/wp-json\/wp\/v2\/posts\/6481\/revisions"}],"wp:featuredmedia":[{"embeddable":true,"href":"https:\/\/martinezsanzabogados.com\/en\/wp-json\/wp\/v2\/media\/6483"}],"wp:attachment":[{"href":"https:\/\/martinezsanzabogados.com\/en\/wp-json\/wp\/v2\/media?parent=6481"}],"wp:term":[{"taxonomy":"category","embeddable":true,"href":"https:\/\/martinezsanzabogados.com\/en\/wp-json\/wp\/v2\/categories?post=6481"},{"taxonomy":"post_tag","embeddable":true,"href":"https:\/\/martinezsanzabogados.com\/en\/wp-json\/wp\/v2\/tags?post=6481"}],"curies":[{"name":"wp","href":"https:\/\/api.w.org\/{rel}","templated":true}]}}