{"id":6467,"date":"2021-05-11T09:01:18","date_gmt":"2021-05-11T07:01:18","guid":{"rendered":"http:\/\/martinezsanzabogados.com\/?p=6467"},"modified":"2023-09-08T14:00:47","modified_gmt":"2023-09-08T12:00:47","slug":"acciones-banco-popular-el-tiempo-se-agota","status":"publish","type":"post","link":"https:\/\/martinezsanzabogados.com\/en\/acciones-banco-popular-el-tiempo-se-agota\/","title":{"rendered":"Acciones Banco Popular, el tiempo se agota"},"content":{"rendered":"<p>A mediados del a\u00f1o 2016, y ante la falta de liquidez que presentaba el <a href=\"https:\/\/www.santander.com\/es\/sala-de-comunicacion\/adquisicion-banco-popular\">Banco Popular<\/a>, los directivos de dicha entidad decidieron convocar a inversionistas a trav\u00e9s de lo que denominamos una ampliaci\u00f3n de capital. Sin embargo, dicho llamamiento masivo no supuso una mejora patrimonial, sino que un a\u00f1o despu\u00e9s, en concreto, con fecha 7 de junio de 2017, el Banco Popular fue adquirido por el Banco Santander por el precio simb\u00f3lico de un euro. Con dicha venta, la totalidad de los inversionistas que acudieron a ella (accionistas, titulares de bonos subordinados y bonos convertibles) perdieron lo invertido.<\/p>\n<p>Miles de personas, tanto f\u00edsicas como jur\u00eddicas, se vieron afectadas. Recordemos que el Banco Popular estaba clasificado como el sexto banco nacional y que asimismo se especializaba en particulares y banca minorista. Por la importancia de lo acaecido, desde el a\u00f1o 2017, se sigue ante la Audiencia Nacional una causa contra 34 exconsejeros y directivos del banco por delitos de falsedad societaria y\u00a0administraci\u00f3n\u00a0desleal. En la actualidad el procedimiento sigue\u00a0instruy\u00e9ndose, siendo encargado al Banco de Espa\u00f1a la emisi\u00f3n de un informe pericial sobre la contabilidad del Banco Popular. El informe emitido por los inspectores del Banco de Espa\u00f1a ha resultado esclarecedor para los intereses de los afectados, ya que, entre otras muchas conclusiones, se corrobora que el Banco Popular no\u00a0cumpli\u00f3\u00a0con la\u00a0normativa contable durante\u00a0los ejercicios 2015 y 2016.<\/p>\n<p>Es decir, este informe es fundamental porque confirma que las cuentas anuales que se acompa\u00f1aban al folleto informativo emitido <em>\u2013y requisito esencial\u2013<\/em> para la ampliaci\u00f3n de capital no reflejaban una imagen fiel de la\u00a0situaci\u00f3n\u00a0real de la\u00a0compa\u00f1\u00eda. Por tanto, abre la v\u00eda de ejercer acciones frente al Banco Popular.<\/p>\n<h4>Pero, \u00bfqu\u00e9 acciones se pueden aun ejecutar por los afectados en la compra de acciones del Banco Popular?<\/h4>\n<p>Para\u00a0empezar a responder a esta pregunta,\u00a0hay que diferenciar entre aquellos accionistas que acudieron a la compra de acciones a trav\u00e9s del mercado secundario y aquellos que acudieron directamente a la ampliaci\u00f3n de capital. Para los primeros, el plazo para reclamar es de tres a\u00f1os y para los segundos, el plazo para ejercer acciones es de cuatro a\u00f1os. Asimismo, para ambos grupos existe adem\u00e1s la posibilidad de reclamar da\u00f1os y perjuicios <em>ex art\u00edculo<\/em> 1101 del C\u00f3digo Civil, cuyo plazo de prescripci\u00f3n es de cinco a\u00f1os.<\/p>\n<h4>\u00bfDesde cu\u00e1ndo se inician los anteriores plazos?<\/h4>\n<p>La fecha de inicio o tambi\u00e9n denominado <em>dies a quo, <\/em>en un principio, se establece el 7 de junio de 2017 que se corresponde con la fecha de adquisici\u00f3n por un euro del Banco Santander. Adem\u00e1s, se entiende como el d\u00eda en el que los afectados tuvieron conocimiento de la falsedad o de las omisiones contenidas en el folleto informativo. Sin embargo, esta fecha puede ser discutida y establecers un a\u00f1o despu\u00e9s, correspondiendo con la emisi\u00f3n del informe por la Comisi\u00f3n Nacional del Mercado de Valores. En este momento se advierte de la manipulaci\u00f3n de las cuentas. Pero, incluso, puede fijarse en la fecha de emisi\u00f3n del informe pericial de los inspectores del Banco de Espa\u00f1a en la causa penal. Por ello, lo mejor ser\u00e1 siempre interrumpir los plazos mediante el env\u00edo de una reclamaci\u00f3n extrajudicial.<\/p>\n<p>At <a href=\"http:\/\/martinezsanzabogados.com\/en\/\">Mart\u00ednez Sanz Lawyers<\/a> somos expertos en derecho bancario y reclamaciones ante entidades financieras. Por eso, si eres un afectado por la adquisici\u00f3n de acciones del popular, o tus intereses se han visto vulnerados por la suscripci\u00f3n de otros productos financieros (tarjetas revolving, clausulas suelo, etc), no dudes en contactar con nosotros y te informaremos sobre tus derechos.<\/p>\n<div id=\"attachment_6382\" style=\"width: 206px\" class=\"wp-caption alignleft\"><img decoding=\"async\" aria-describedby=\"caption-attachment-6382\" class=\"wp-image-6382\" src=\"https:\/\/martinezsanzabogados.com\/wp-content\/uploads\/2021\/03\/MARTINEZSANZ-EquipoHumanoMadrid-017.jpg\" alt=\"\" width=\"196\" height=\"196\" srcset=\"https:\/\/martinezsanzabogados.com\/wp-content\/uploads\/2021\/03\/MARTINEZSANZ-EquipoHumanoMadrid-017.jpg 1202w, https:\/\/martinezsanzabogados.com\/wp-content\/uploads\/2021\/03\/MARTINEZSANZ-EquipoHumanoMadrid-017-300x300.jpg 300w, https:\/\/martinezsanzabogados.com\/wp-content\/uploads\/2021\/03\/MARTINEZSANZ-EquipoHumanoMadrid-017-1024x1024.jpg 1024w, https:\/\/martinezsanzabogados.com\/wp-content\/uploads\/2021\/03\/MARTINEZSANZ-EquipoHumanoMadrid-017-500x500.jpg 500w, https:\/\/martinezsanzabogados.com\/wp-content\/uploads\/2021\/03\/MARTINEZSANZ-EquipoHumanoMadrid-017-768x768.jpg 768w, https:\/\/martinezsanzabogados.com\/wp-content\/uploads\/2021\/03\/MARTINEZSANZ-EquipoHumanoMadrid-017-150x150.jpg 150w\" sizes=\"(max-width: 196px) 100vw, 196px\" \/><p id=\"caption-attachment-6382\" class=\"wp-caption-text\">Marta Gal\u00e1n Tarifa. Abogada.<\/p><\/div>","protected":false},"excerpt":{"rendered":"<p>A mediados del a\u00f1o 2016, y ante la falta de liquidez que presentaba el Banco Popular, los directivos de dicha entidad decidieron convocar a inversionistas a trav\u00e9s de lo que denominamos una ampliaci\u00f3n de capital. Sin embargo, dicho llamamiento masivo no supuso una mejora patrimonial, sino que un a\u00f1o despu\u00e9s, en concreto, con fecha 7 [&hellip;]<\/p>","protected":false},"author":5,"featured_media":7787,"comment_status":"open","ping_status":"closed","sticky":false,"template":"","format":"standard","meta":{"footnotes":""},"categories":[710],"tags":[54,83,140,257],"class_list":["post-6467","post","type-post","status-publish","format-standard","has-post-thumbnail","hentry","category-informacion-de-interes","tag-actualidad","tag-banco-popular","tag-derecho-bancario","tag-plazos"],"yoast_head":"<!-- This site is optimized with the Yoast SEO plugin v27.4 - https:\/\/yoast.com\/product\/yoast-seo-wordpress\/ -->\n<title>Acciones Banco Popular, el tiempo se agota - Mart\u00ednez Sanz Abogados<\/title>\n<meta name=\"robots\" content=\"index, follow, max-snippet:-1, max-image-preview:large, max-video-preview:-1\" \/>\n<link rel=\"canonical\" href=\"https:\/\/martinezsanzabogados.com\/en\/acciones-banco-popular-el-tiempo-se-agota\/\" \/>\n<meta property=\"og:locale\" content=\"en_GB\" \/>\n<meta property=\"og:type\" content=\"article\" \/>\n<meta property=\"og:title\" content=\"Acciones Banco Popular, el tiempo se agota - Mart\u00ednez Sanz Abogados\" \/>\n<meta property=\"og:description\" content=\"A mediados del a\u00f1o 2016, y ante la falta de liquidez que presentaba el Banco Popular, los directivos de dicha entidad decidieron convocar a inversionistas a trav\u00e9s de lo que denominamos una ampliaci\u00f3n de capital. Sin embargo, dicho llamamiento masivo no supuso una mejora patrimonial, sino que un a\u00f1o despu\u00e9s, en concreto, con fecha 7 [&hellip;]\" \/>\n<meta property=\"og:url\" content=\"https:\/\/martinezsanzabogados.com\/en\/acciones-banco-popular-el-tiempo-se-agota\/\" \/>\n<meta property=\"og:site_name\" content=\"Mart\u00ednez Sanz Abogados\" \/>\n<meta property=\"article:publisher\" content=\"https:\/\/www.facebook.com\/martinezsanzabogados\" \/>\n<meta property=\"article:published_time\" content=\"2021-05-11T07:01:18+00:00\" \/>\n<meta property=\"article:modified_time\" content=\"2023-09-08T12:00:47+00:00\" \/>\n<meta property=\"og:image\" content=\"https:\/\/martinezsanzabogados.com\/wp-content\/uploads\/2021\/05\/Acciones-Banco-Popular-el-tiempo-se-agota.jpg\" \/>\n\t<meta property=\"og:image:width\" content=\"1920\" \/>\n\t<meta property=\"og:image:height\" content=\"1082\" \/>\n\t<meta property=\"og:image:type\" content=\"image\/jpeg\" \/>\n<meta name=\"author\" content=\"Fernando Mart\u00ednez Sanz\" \/>\n<meta name=\"twitter:card\" content=\"summary_large_image\" \/>\n<meta name=\"twitter:label1\" content=\"Written by\" \/>\n\t<meta name=\"twitter:data1\" content=\"Fernando Mart\u00ednez Sanz\" \/>\n\t<meta name=\"twitter:label2\" content=\"Estimated reading time\" \/>\n\t<meta name=\"twitter:data2\" content=\"3 minutes\" \/>\n<script type=\"application\/ld+json\" class=\"yoast-schema-graph\">{\"@context\":\"https:\\\/\\\/schema.org\",\"@graph\":[{\"@type\":\"Article\",\"@id\":\"https:\\\/\\\/martinezsanzabogados.com\\\/acciones-banco-popular-el-tiempo-se-agota\\\/#article\",\"isPartOf\":{\"@id\":\"https:\\\/\\\/martinezsanzabogados.com\\\/acciones-banco-popular-el-tiempo-se-agota\\\/\"},\"author\":{\"name\":\"Fernando Mart\u00ednez Sanz\",\"@id\":\"https:\\\/\\\/martinezsanzabogados.com\\\/#\\\/schema\\\/person\\\/869a99c54e428fcd47fa53eab44e8379\"},\"headline\":\"Acciones Banco Popular, el tiempo se agota\",\"datePublished\":\"2021-05-11T07:01:18+00:00\",\"dateModified\":\"2023-09-08T12:00:47+00:00\",\"mainEntityOfPage\":{\"@id\":\"https:\\\/\\\/martinezsanzabogados.com\\\/acciones-banco-popular-el-tiempo-se-agota\\\/\"},\"wordCount\":642,\"commentCount\":0,\"publisher\":{\"@id\":\"https:\\\/\\\/martinezsanzabogados.com\\\/#organization\"},\"image\":{\"@id\":\"https:\\\/\\\/martinezsanzabogados.com\\\/acciones-banco-popular-el-tiempo-se-agota\\\/#primaryimage\"},\"thumbnailUrl\":\"https:\\\/\\\/martinezsanzabogados.com\\\/wp-content\\\/uploads\\\/2021\\\/05\\\/Acciones-Banco-Popular-el-tiempo-se-agota.jpg\",\"keywords\":[\"actualidad\",\"banco popular\",\"derecho bancario\",\"plazos\"],\"articleSection\":[\"Informaci\u00f3n de inter\u00e9s\"],\"inLanguage\":\"en-GB\",\"potentialAction\":[{\"@type\":\"CommentAction\",\"name\":\"Comment\",\"target\":[\"https:\\\/\\\/martinezsanzabogados.com\\\/acciones-banco-popular-el-tiempo-se-agota\\\/#respond\"]}]},{\"@type\":\"WebPage\",\"@id\":\"https:\\\/\\\/martinezsanzabogados.com\\\/acciones-banco-popular-el-tiempo-se-agota\\\/\",\"url\":\"https:\\\/\\\/martinezsanzabogados.com\\\/acciones-banco-popular-el-tiempo-se-agota\\\/\",\"name\":\"Acciones Banco Popular, el tiempo se agota - Mart\u00ednez Sanz Abogados\",\"isPartOf\":{\"@id\":\"https:\\\/\\\/martinezsanzabogados.com\\\/#website\"},\"primaryImageOfPage\":{\"@id\":\"https:\\\/\\\/martinezsanzabogados.com\\\/acciones-banco-popular-el-tiempo-se-agota\\\/#primaryimage\"},\"image\":{\"@id\":\"https:\\\/\\\/martinezsanzabogados.com\\\/acciones-banco-popular-el-tiempo-se-agota\\\/#primaryimage\"},\"thumbnailUrl\":\"https:\\\/\\\/martinezsanzabogados.com\\\/wp-content\\\/uploads\\\/2021\\\/05\\\/Acciones-Banco-Popular-el-tiempo-se-agota.jpg\",\"datePublished\":\"2021-05-11T07:01:18+00:00\",\"dateModified\":\"2023-09-08T12:00:47+00:00\",\"breadcrumb\":{\"@id\":\"https:\\\/\\\/martinezsanzabogados.com\\\/acciones-banco-popular-el-tiempo-se-agota\\\/#breadcrumb\"},\"inLanguage\":\"en-GB\",\"potentialAction\":[{\"@type\":\"ReadAction\",\"target\":[\"https:\\\/\\\/martinezsanzabogados.com\\\/acciones-banco-popular-el-tiempo-se-agota\\\/\"]}]},{\"@type\":\"ImageObject\",\"inLanguage\":\"en-GB\",\"@id\":\"https:\\\/\\\/martinezsanzabogados.com\\\/acciones-banco-popular-el-tiempo-se-agota\\\/#primaryimage\",\"url\":\"https:\\\/\\\/martinezsanzabogados.com\\\/wp-content\\\/uploads\\\/2021\\\/05\\\/Acciones-Banco-Popular-el-tiempo-se-agota.jpg\",\"contentUrl\":\"https:\\\/\\\/martinezsanzabogados.com\\\/wp-content\\\/uploads\\\/2021\\\/05\\\/Acciones-Banco-Popular-el-tiempo-se-agota.jpg\",\"width\":1920,\"height\":1082,\"caption\":\"Acciones Banco Popular el tiempo se agota\"},{\"@type\":\"BreadcrumbList\",\"@id\":\"https:\\\/\\\/martinezsanzabogados.com\\\/acciones-banco-popular-el-tiempo-se-agota\\\/#breadcrumb\",\"itemListElement\":[{\"@type\":\"ListItem\",\"position\":1,\"name\":\"Portada\",\"item\":\"https:\\\/\\\/martinezsanzabogados.com\\\/\"},{\"@type\":\"ListItem\",\"position\":2,\"name\":\"Acciones Banco Popular, el tiempo se agota\"}]},{\"@type\":\"WebSite\",\"@id\":\"https:\\\/\\\/martinezsanzabogados.com\\\/#website\",\"url\":\"https:\\\/\\\/martinezsanzabogados.com\\\/\",\"name\":\"Mart\u00ednez Sanz Abogados\",\"description\":\"\",\"publisher\":{\"@id\":\"https:\\\/\\\/martinezsanzabogados.com\\\/#organization\"},\"potentialAction\":[{\"@type\":\"SearchAction\",\"target\":{\"@type\":\"EntryPoint\",\"urlTemplate\":\"https:\\\/\\\/martinezsanzabogados.com\\\/?s={search_term_string}\"},\"query-input\":{\"@type\":\"PropertyValueSpecification\",\"valueRequired\":true,\"valueName\":\"search_term_string\"}}],\"inLanguage\":\"en-GB\"},{\"@type\":\"Organization\",\"@id\":\"https:\\\/\\\/martinezsanzabogados.com\\\/#organization\",\"name\":\"Mart\u00ednez Sanz Abogados\",\"url\":\"https:\\\/\\\/martinezsanzabogados.com\\\/\",\"logo\":{\"@type\":\"ImageObject\",\"inLanguage\":\"en-GB\",\"@id\":\"https:\\\/\\\/martinezsanzabogados.com\\\/#\\\/schema\\\/logo\\\/image\\\/\",\"url\":\"https:\\\/\\\/martinezsanzabogados.com\\\/wp-content\\\/uploads\\\/2021\\\/10\\\/Logo-Martinez-Sanz.png\",\"contentUrl\":\"https:\\\/\\\/martinezsanzabogados.com\\\/wp-content\\\/uploads\\\/2021\\\/10\\\/Logo-Martinez-Sanz.png\",\"width\":350,\"height\":166,\"caption\":\"Mart\u00ednez Sanz Abogados\"},\"image\":{\"@id\":\"https:\\\/\\\/martinezsanzabogados.com\\\/#\\\/schema\\\/logo\\\/image\\\/\"},\"sameAs\":[\"https:\\\/\\\/www.facebook.com\\\/martinezsanzabogados\"]},{\"@type\":\"Person\",\"@id\":\"https:\\\/\\\/martinezsanzabogados.com\\\/#\\\/schema\\\/person\\\/869a99c54e428fcd47fa53eab44e8379\",\"name\":\"Fernando Mart\u00ednez Sanz\",\"image\":{\"@type\":\"ImageObject\",\"inLanguage\":\"en-GB\",\"@id\":\"https:\\\/\\\/secure.gravatar.com\\\/avatar\\\/c42cdc64dc77e92dcbf5a0ee7ac0a78ac6f21dee78166ff10da4e1bfc8e994e7?s=96&d=mm&r=g\",\"url\":\"https:\\\/\\\/secure.gravatar.com\\\/avatar\\\/c42cdc64dc77e92dcbf5a0ee7ac0a78ac6f21dee78166ff10da4e1bfc8e994e7?s=96&d=mm&r=g\",\"contentUrl\":\"https:\\\/\\\/secure.gravatar.com\\\/avatar\\\/c42cdc64dc77e92dcbf5a0ee7ac0a78ac6f21dee78166ff10da4e1bfc8e994e7?s=96&d=mm&r=g\",\"caption\":\"Fernando Mart\u00ednez Sanz\"},\"description\":\"Doctor en Derecho por la Universidad de Alcal\u00e1 de Henares con la m\u00e1xima calificaci\u00f3n. Premio Extraordinario de Doctorado. Desde 2001 es Catedr\u00e1tico de Derecho Mercantil en la Universitat Jaume I de Castell\u00f3n. Vocal de la Secci\u00f3n Especial de la Comisi\u00f3n General de Codificaci\u00f3n para la reforma del C\u00f3digo de Comercio en materia de contrato de transporte de mercanc\u00edas. Ha impartido multitud de conferencias y cursos en Universidades, Centros y Colegios Profesionales, tanto en Espa\u00f1a como en el extranjero, y es \u00e1rbitro de la Corte de Arbitraje de la C\u00e1mara de Comercio de Castell\u00f3n y Valencia. Es autor de diversos art\u00edculos en revistas jur\u00eddicas nacionales y extranjeras (alemanas e italianas), as\u00ed como de varias monograf\u00edas y publicaciones, tanto en materia de Derecho Mercantil, como en Derecho societario, concursal y de planes de reestructuraci\u00f3n. Tiene una vasta experiencia profesional como administrador concursal en m\u00e1s de 150 procedimientos, habiendo intervenido en diversos procesos de venta de unidades productivas\",\"sameAs\":[\"https:\\\/\\\/www.linkedin.com\\\/in\\\/fernando-martnez-sanz-00819641\"],\"url\":\"https:\\\/\\\/martinezsanzabogados.com\\\/en\\\/author\\\/admin\\\/\"}]}<\/script>\n<!-- \/ Yoast SEO plugin. -->","yoast_head_json":{"title":"Acciones Banco Popular, el tiempo se agota - Mart\u00ednez Sanz Abogados","robots":{"index":"index","follow":"follow","max-snippet":"max-snippet:-1","max-image-preview":"max-image-preview:large","max-video-preview":"max-video-preview:-1"},"canonical":"https:\/\/martinezsanzabogados.com\/en\/acciones-banco-popular-el-tiempo-se-agota\/","og_locale":"en_GB","og_type":"article","og_title":"Acciones Banco Popular, el tiempo se agota - Mart\u00ednez Sanz Abogados","og_description":"A mediados del a\u00f1o 2016, y ante la falta de liquidez que presentaba el Banco Popular, los directivos de dicha entidad decidieron convocar a inversionistas a trav\u00e9s de lo que denominamos una ampliaci\u00f3n de capital. Sin embargo, dicho llamamiento masivo no supuso una mejora patrimonial, sino que un a\u00f1o despu\u00e9s, en concreto, con fecha 7 [&hellip;]","og_url":"https:\/\/martinezsanzabogados.com\/en\/acciones-banco-popular-el-tiempo-se-agota\/","og_site_name":"Mart\u00ednez Sanz Abogados","article_publisher":"https:\/\/www.facebook.com\/martinezsanzabogados","article_published_time":"2021-05-11T07:01:18+00:00","article_modified_time":"2023-09-08T12:00:47+00:00","og_image":[{"width":1920,"height":1082,"url":"https:\/\/martinezsanzabogados.com\/wp-content\/uploads\/2021\/05\/Acciones-Banco-Popular-el-tiempo-se-agota.jpg","type":"image\/jpeg"}],"author":"Fernando Mart\u00ednez Sanz","twitter_card":"summary_large_image","twitter_misc":{"Written by":"Fernando Mart\u00ednez Sanz","Estimated reading time":"3 minutes"},"schema":{"@context":"https:\/\/schema.org","@graph":[{"@type":"Article","@id":"https:\/\/martinezsanzabogados.com\/acciones-banco-popular-el-tiempo-se-agota\/#article","isPartOf":{"@id":"https:\/\/martinezsanzabogados.com\/acciones-banco-popular-el-tiempo-se-agota\/"},"author":{"name":"Fernando Mart\u00ednez Sanz","@id":"https:\/\/martinezsanzabogados.com\/#\/schema\/person\/869a99c54e428fcd47fa53eab44e8379"},"headline":"Acciones Banco Popular, el tiempo se agota","datePublished":"2021-05-11T07:01:18+00:00","dateModified":"2023-09-08T12:00:47+00:00","mainEntityOfPage":{"@id":"https:\/\/martinezsanzabogados.com\/acciones-banco-popular-el-tiempo-se-agota\/"},"wordCount":642,"commentCount":0,"publisher":{"@id":"https:\/\/martinezsanzabogados.com\/#organization"},"image":{"@id":"https:\/\/martinezsanzabogados.com\/acciones-banco-popular-el-tiempo-se-agota\/#primaryimage"},"thumbnailUrl":"https:\/\/martinezsanzabogados.com\/wp-content\/uploads\/2021\/05\/Acciones-Banco-Popular-el-tiempo-se-agota.jpg","keywords":["actualidad","banco popular","derecho bancario","plazos"],"articleSection":["Informaci\u00f3n de inter\u00e9s"],"inLanguage":"en-GB","potentialAction":[{"@type":"CommentAction","name":"Comment","target":["https:\/\/martinezsanzabogados.com\/acciones-banco-popular-el-tiempo-se-agota\/#respond"]}]},{"@type":"WebPage","@id":"https:\/\/martinezsanzabogados.com\/acciones-banco-popular-el-tiempo-se-agota\/","url":"https:\/\/martinezsanzabogados.com\/acciones-banco-popular-el-tiempo-se-agota\/","name":"Acciones Banco Popular, el tiempo se agota - Mart\u00ednez Sanz Abogados","isPartOf":{"@id":"https:\/\/martinezsanzabogados.com\/#website"},"primaryImageOfPage":{"@id":"https:\/\/martinezsanzabogados.com\/acciones-banco-popular-el-tiempo-se-agota\/#primaryimage"},"image":{"@id":"https:\/\/martinezsanzabogados.com\/acciones-banco-popular-el-tiempo-se-agota\/#primaryimage"},"thumbnailUrl":"https:\/\/martinezsanzabogados.com\/wp-content\/uploads\/2021\/05\/Acciones-Banco-Popular-el-tiempo-se-agota.jpg","datePublished":"2021-05-11T07:01:18+00:00","dateModified":"2023-09-08T12:00:47+00:00","breadcrumb":{"@id":"https:\/\/martinezsanzabogados.com\/acciones-banco-popular-el-tiempo-se-agota\/#breadcrumb"},"inLanguage":"en-GB","potentialAction":[{"@type":"ReadAction","target":["https:\/\/martinezsanzabogados.com\/acciones-banco-popular-el-tiempo-se-agota\/"]}]},{"@type":"ImageObject","inLanguage":"en-GB","@id":"https:\/\/martinezsanzabogados.com\/acciones-banco-popular-el-tiempo-se-agota\/#primaryimage","url":"https:\/\/martinezsanzabogados.com\/wp-content\/uploads\/2021\/05\/Acciones-Banco-Popular-el-tiempo-se-agota.jpg","contentUrl":"https:\/\/martinezsanzabogados.com\/wp-content\/uploads\/2021\/05\/Acciones-Banco-Popular-el-tiempo-se-agota.jpg","width":1920,"height":1082,"caption":"Acciones Banco Popular el tiempo se agota"},{"@type":"BreadcrumbList","@id":"https:\/\/martinezsanzabogados.com\/acciones-banco-popular-el-tiempo-se-agota\/#breadcrumb","itemListElement":[{"@type":"ListItem","position":1,"name":"Portada","item":"https:\/\/martinezsanzabogados.com\/"},{"@type":"ListItem","position":2,"name":"Acciones Banco Popular, el tiempo se agota"}]},{"@type":"WebSite","@id":"https:\/\/martinezsanzabogados.com\/#website","url":"https:\/\/martinezsanzabogados.com\/","name":"Mart\u00ednez Sanz Lawyers","description":"","publisher":{"@id":"https:\/\/martinezsanzabogados.com\/#organization"},"potentialAction":[{"@type":"SearchAction","target":{"@type":"EntryPoint","urlTemplate":"https:\/\/martinezsanzabogados.com\/?s={search_term_string}"},"query-input":{"@type":"PropertyValueSpecification","valueRequired":true,"valueName":"search_term_string"}}],"inLanguage":"en-GB"},{"@type":"Organization","@id":"https:\/\/martinezsanzabogados.com\/#organization","name":"Mart\u00ednez Sanz Lawyers","url":"https:\/\/martinezsanzabogados.com\/","logo":{"@type":"ImageObject","inLanguage":"en-GB","@id":"https:\/\/martinezsanzabogados.com\/#\/schema\/logo\/image\/","url":"https:\/\/martinezsanzabogados.com\/wp-content\/uploads\/2021\/10\/Logo-Martinez-Sanz.png","contentUrl":"https:\/\/martinezsanzabogados.com\/wp-content\/uploads\/2021\/10\/Logo-Martinez-Sanz.png","width":350,"height":166,"caption":"Mart\u00ednez Sanz Abogados"},"image":{"@id":"https:\/\/martinezsanzabogados.com\/#\/schema\/logo\/image\/"},"sameAs":["https:\/\/www.facebook.com\/martinezsanzabogados"]},{"@type":"Person","@id":"https:\/\/martinezsanzabogados.com\/#\/schema\/person\/869a99c54e428fcd47fa53eab44e8379","name":"Fernando Mart\u00ednez Sanz","image":{"@type":"ImageObject","inLanguage":"en-GB","@id":"https:\/\/secure.gravatar.com\/avatar\/c42cdc64dc77e92dcbf5a0ee7ac0a78ac6f21dee78166ff10da4e1bfc8e994e7?s=96&d=mm&r=g","url":"https:\/\/secure.gravatar.com\/avatar\/c42cdc64dc77e92dcbf5a0ee7ac0a78ac6f21dee78166ff10da4e1bfc8e994e7?s=96&d=mm&r=g","contentUrl":"https:\/\/secure.gravatar.com\/avatar\/c42cdc64dc77e92dcbf5a0ee7ac0a78ac6f21dee78166ff10da4e1bfc8e994e7?s=96&d=mm&r=g","caption":"Fernando Mart\u00ednez Sanz"},"description":"PhD in Law from the University of Alcal\u00e1 de Henares with the highest qualification. Extraordinary Doctorate Award. Since 2001 he has been Professor of Commercial Law at the Universitat Jaume I in Castell\u00f3n. Member of the Special Section of the General Codification Commission for the reform of the Commercial Code in the field of the contract of carriage of goods. He has given many lectures and courses at Universities, Centres and Professional Associations, both in Spain and abroad, and is an arbitrator at the Court of Arbitration of the Chamber of Commerce of Castell\u00f3n and Valencia. He is the author of several articles in national and foreign legal journals (German and Italian), as well as of several monographs and publications, both on commercial law, corporate law, insolvency law and restructuring plans. He has extensive professional experience as an insolvency administrator in more than 150 insolvency proceedings, having been involved in several sales of production units.","sameAs":["https:\/\/www.linkedin.com\/in\/fernando-martnez-sanz-00819641"],"url":"https:\/\/martinezsanzabogados.com\/en\/author\/admin\/"}]}},"_links":{"self":[{"href":"https:\/\/martinezsanzabogados.com\/en\/wp-json\/wp\/v2\/posts\/6467","targetHints":{"allow":["GET"]}}],"collection":[{"href":"https:\/\/martinezsanzabogados.com\/en\/wp-json\/wp\/v2\/posts"}],"about":[{"href":"https:\/\/martinezsanzabogados.com\/en\/wp-json\/wp\/v2\/types\/post"}],"author":[{"embeddable":true,"href":"https:\/\/martinezsanzabogados.com\/en\/wp-json\/wp\/v2\/users\/5"}],"replies":[{"embeddable":true,"href":"https:\/\/martinezsanzabogados.com\/en\/wp-json\/wp\/v2\/comments?post=6467"}],"version-history":[{"count":0,"href":"https:\/\/martinezsanzabogados.com\/en\/wp-json\/wp\/v2\/posts\/6467\/revisions"}],"wp:featuredmedia":[{"embeddable":true,"href":"https:\/\/martinezsanzabogados.com\/en\/wp-json\/wp\/v2\/media\/7787"}],"wp:attachment":[{"href":"https:\/\/martinezsanzabogados.com\/en\/wp-json\/wp\/v2\/media?parent=6467"}],"wp:term":[{"taxonomy":"category","embeddable":true,"href":"https:\/\/martinezsanzabogados.com\/en\/wp-json\/wp\/v2\/categories?post=6467"},{"taxonomy":"post_tag","embeddable":true,"href":"https:\/\/martinezsanzabogados.com\/en\/wp-json\/wp\/v2\/tags?post=6467"}],"curies":[{"name":"wp","href":"https:\/\/api.w.org\/{rel}","templated":true}]}}