{"id":6424,"date":"2021-03-18T10:22:09","date_gmt":"2021-03-18T08:22:09","guid":{"rendered":"http:\/\/martinezsanzabogados.com\/?p=6424"},"modified":"2023-09-08T14:02:19","modified_gmt":"2023-09-08T12:02:19","slug":"nueva-moratoria-concursal","status":"publish","type":"post","link":"https:\/\/martinezsanzabogados.com\/en\/nueva-moratoria-concursal\/","title":{"rendered":"Nueva moratoria concursal, el peor remedio para una larga enfermedad"},"content":{"rendered":"<p>Finalmente, el Gobierno ha optado por hacer \u201cm\u00e1s de lo mismo\u201d aprobando el <a href=\"https:\/\/www.boe.es\/diario_boe\/txt.php?id=BOE-A-2021-3946\">Real Decreto-Ley 5\/2021<\/a>,\u00a0de medidas extraordinarias de apoyo a la solvencia empresarial en respuesta a la pandemia de la COVID-19. Este Decreto entr\u00f3 en vigor el s\u00e1bado d\u00eda 13 de marzo, coincidiendo con su publicaci\u00f3n en el Bolet\u00edn Oficial del Estado y define la nueva moratoria concursal.<\/p>\n<h4>Novedades del Real Decreto-Ley 5\/2021<\/h4>\n<p>Entre otras novedades, se ampl\u00eda hasta 31 de diciembre de 2021 la exenci\u00f3n del deber del deudor que se encuentre en estado de insolvencia, de solicitar la declaraci\u00f3n de concurso. En consecuencia, no se admitir\u00e1n a tr\u00e1mite las solicitudes de concurso necesario que presenten los acreedores hasta dicha fecha. Asimismo, se aclara que el plazo de dos meses del que dispone el deudor para solicitar la declaraci\u00f3n de concurso voluntario debe computarse\u00a0a partir de la fecha de finalizaci\u00f3n del plazo de suspensi\u00f3n del citado deber.<\/p>\n<p>No lleg\u00f3 a entenderse la moratoria concursal para determinadas actividades, por lo que, nuevamente, la pr\u00f3rroga adoptada mantiene, y casi reafirma, el riesgo de mantener artificialmente en el mercado a sociedades que pudieran no resultar viables operativa o financieramente. Estas son las denominadas \u201c<em>empresas zombis<\/em>\u201d, lo que sin duda generar\u00e1 un efecto domin\u00f3 en el resto de las mercantiles que puedan contratar con aquellas.<\/p>\n<p>Adem\u00e1s, no terminan de entenderse los beneficios de esta moratoria. Pues evita la declaraci\u00f3n de concursos necesarios pero no las ejecuciones singulares contra el patrimonio del deudor. Esto har\u00e1 que, llegado el momento de la declaraci\u00f3n de concurso, la masa activa pueda resultar ya inexistente.<\/p>\n<h4>Una declaraci\u00f3n de intenciones<\/h4>\n<p>El Real Decreto es toda una bonita declaraci\u00f3n de intenciones y, ciertamente que se da de bruces con una realidad incuestionable. Y es que la existencia de la moratoria pudiera no eximir de la responsabilidad del administrador de solicitar el concurso voluntario ante la insolvencia actual o inminente. En caso de no hacerlo, podr\u00eda acabar respondiendo de las deudas generadas, con su propio patrimonio. Deberemos estar a la espera de c\u00f3mo se van resolviendo las secciones de calificaci\u00f3n.<\/p>\n<p>Si el administrador social considera que existe insolvencia actual o que en un plazo corto de tiempo van a surgir los problemas de insolvencia, debe asesorarse adecuadamente y buscar soluciones. Dichas soluciones pueden ser una refinanciaci\u00f3n, negociaci\u00f3n de un convenio anticipado con los acreedores, reestructuraci\u00f3n de costes, venta de la unidad productiva o el propio concurso, entre otras. Porque, anticiparse es la clave para conseguir la ansiada viabilidad, y es en realidad el esp\u00edritu de la norma como as\u00ed se desprende de su Exposici\u00f3n de Motivos, pero quedan flecos pendientes que hacen dudar de su practicidad.<\/p>\n<p>At <a href=\"http:\/\/martinezsanzabogados.com\/en\/\">Mart\u00ednez-Sanz Lawyers<\/a>, somos expertos en materia de derecho concursal. Si necesitas asesoramiento legal, no dudes en <a href=\"http:\/\/martinezsanzabogados.com\/en\/contact\/\">contact us at<\/a>.<\/p>\n<p>Sara Vay\u00e1 Sanchis<\/p>\n<p>Abogada Martinez Sanz Abogados.<\/p>","protected":false},"excerpt":{"rendered":"<p>Finalmente, el Gobierno ha optado por hacer \u201cm\u00e1s de lo mismo\u201d aprobando el Real Decreto-Ley 5\/2021,\u00a0de medidas extraordinarias de apoyo a la solvencia empresarial en respuesta a la pandemia de la COVID-19. Este Decreto entr\u00f3 en vigor el s\u00e1bado d\u00eda 13 de marzo, coincidiendo con su publicaci\u00f3n en el Bolet\u00edn Oficial del Estado y define [&hellip;]<\/p>","protected":false},"author":5,"featured_media":6428,"comment_status":"open","ping_status":"closed","sticky":false,"template":"","format":"standard","meta":{"footnotes":""},"categories":[710],"tags":[73,141,242],"class_list":["post-6424","post","type-post","status-publish","format-standard","has-post-thumbnail","hentry","category-informacion-de-interes","tag-asesoramiento-legal","tag-derecho-concursal","tag-moratoria-concursal"],"yoast_head":"<!-- This site is optimized with the Yoast SEO plugin v27.4 - https:\/\/yoast.com\/product\/yoast-seo-wordpress\/ -->\n<title>Nueva moratoria concursal - Mart\u00ednez Sanz Abogados<\/title>\n<meta name=\"robots\" content=\"index, follow, max-snippet:-1, max-image-preview:large, max-video-preview:-1\" \/>\n<link rel=\"canonical\" href=\"https:\/\/martinezsanzabogados.com\/en\/nueva-moratoria-concursal\/\" \/>\n<meta property=\"og:locale\" content=\"en_GB\" \/>\n<meta property=\"og:type\" content=\"article\" \/>\n<meta property=\"og:title\" content=\"Nueva moratoria concursal - Mart\u00ednez Sanz Abogados\" \/>\n<meta property=\"og:description\" content=\"Finalmente, el Gobierno ha optado por hacer \u201cm\u00e1s de lo mismo\u201d aprobando el Real Decreto-Ley 5\/2021,\u00a0de medidas extraordinarias de apoyo a la solvencia empresarial en respuesta a la pandemia de la COVID-19. Este Decreto entr\u00f3 en vigor el s\u00e1bado d\u00eda 13 de marzo, coincidiendo con su publicaci\u00f3n en el Bolet\u00edn Oficial del Estado y define [&hellip;]\" \/>\n<meta property=\"og:url\" content=\"https:\/\/martinezsanzabogados.com\/en\/nueva-moratoria-concursal\/\" \/>\n<meta property=\"og:site_name\" content=\"Mart\u00ednez Sanz Abogados\" \/>\n<meta property=\"article:publisher\" content=\"https:\/\/www.facebook.com\/martinezsanzabogados\" \/>\n<meta property=\"article:published_time\" content=\"2021-03-18T08:22:09+00:00\" \/>\n<meta property=\"article:modified_time\" content=\"2023-09-08T12:02:19+00:00\" \/>\n<meta property=\"og:image\" content=\"https:\/\/martinezsanzabogados.com\/wp-content\/uploads\/2021\/03\/nueva-moratoria-concursal.jpg\" \/>\n\t<meta property=\"og:image:width\" content=\"1920\" \/>\n\t<meta property=\"og:image:height\" content=\"1082\" \/>\n\t<meta property=\"og:image:type\" content=\"image\/jpeg\" \/>\n<meta name=\"author\" content=\"Fernando Mart\u00ednez Sanz\" \/>\n<meta name=\"twitter:card\" content=\"summary_large_image\" \/>\n<meta name=\"twitter:label1\" content=\"Written by\" \/>\n\t<meta name=\"twitter:data1\" content=\"Fernando Mart\u00ednez Sanz\" \/>\n\t<meta name=\"twitter:label2\" content=\"Estimated reading time\" \/>\n\t<meta name=\"twitter:data2\" content=\"2 minutes\" \/>\n<script type=\"application\/ld+json\" class=\"yoast-schema-graph\">{\"@context\":\"https:\\\/\\\/schema.org\",\"@graph\":[{\"@type\":\"Article\",\"@id\":\"https:\\\/\\\/martinezsanzabogados.com\\\/nueva-moratoria-concursal\\\/#article\",\"isPartOf\":{\"@id\":\"https:\\\/\\\/martinezsanzabogados.com\\\/nueva-moratoria-concursal\\\/\"},\"author\":{\"name\":\"Fernando Mart\u00ednez Sanz\",\"@id\":\"https:\\\/\\\/martinezsanzabogados.com\\\/#\\\/schema\\\/person\\\/869a99c54e428fcd47fa53eab44e8379\"},\"headline\":\"Nueva moratoria concursal, el peor remedio para una larga enfermedad\",\"datePublished\":\"2021-03-18T08:22:09+00:00\",\"dateModified\":\"2023-09-08T12:02:19+00:00\",\"mainEntityOfPage\":{\"@id\":\"https:\\\/\\\/martinezsanzabogados.com\\\/nueva-moratoria-concursal\\\/\"},\"wordCount\":496,\"commentCount\":0,\"publisher\":{\"@id\":\"https:\\\/\\\/martinezsanzabogados.com\\\/#organization\"},\"image\":{\"@id\":\"https:\\\/\\\/martinezsanzabogados.com\\\/nueva-moratoria-concursal\\\/#primaryimage\"},\"thumbnailUrl\":\"https:\\\/\\\/martinezsanzabogados.com\\\/wp-content\\\/uploads\\\/2021\\\/03\\\/nueva-moratoria-concursal.jpg\",\"keywords\":[\"asesoramiento legal\",\"Derecho concursal\",\"moratoria concursal\"],\"articleSection\":[\"Informaci\u00f3n de inter\u00e9s\"],\"inLanguage\":\"en-GB\",\"potentialAction\":[{\"@type\":\"CommentAction\",\"name\":\"Comment\",\"target\":[\"https:\\\/\\\/martinezsanzabogados.com\\\/nueva-moratoria-concursal\\\/#respond\"]}]},{\"@type\":\"WebPage\",\"@id\":\"https:\\\/\\\/martinezsanzabogados.com\\\/nueva-moratoria-concursal\\\/\",\"url\":\"https:\\\/\\\/martinezsanzabogados.com\\\/nueva-moratoria-concursal\\\/\",\"name\":\"Nueva moratoria concursal - Mart\u00ednez Sanz Abogados\",\"isPartOf\":{\"@id\":\"https:\\\/\\\/martinezsanzabogados.com\\\/#website\"},\"primaryImageOfPage\":{\"@id\":\"https:\\\/\\\/martinezsanzabogados.com\\\/nueva-moratoria-concursal\\\/#primaryimage\"},\"image\":{\"@id\":\"https:\\\/\\\/martinezsanzabogados.com\\\/nueva-moratoria-concursal\\\/#primaryimage\"},\"thumbnailUrl\":\"https:\\\/\\\/martinezsanzabogados.com\\\/wp-content\\\/uploads\\\/2021\\\/03\\\/nueva-moratoria-concursal.jpg\",\"datePublished\":\"2021-03-18T08:22:09+00:00\",\"dateModified\":\"2023-09-08T12:02:19+00:00\",\"breadcrumb\":{\"@id\":\"https:\\\/\\\/martinezsanzabogados.com\\\/nueva-moratoria-concursal\\\/#breadcrumb\"},\"inLanguage\":\"en-GB\",\"potentialAction\":[{\"@type\":\"ReadAction\",\"target\":[\"https:\\\/\\\/martinezsanzabogados.com\\\/nueva-moratoria-concursal\\\/\"]}]},{\"@type\":\"ImageObject\",\"inLanguage\":\"en-GB\",\"@id\":\"https:\\\/\\\/martinezsanzabogados.com\\\/nueva-moratoria-concursal\\\/#primaryimage\",\"url\":\"https:\\\/\\\/martinezsanzabogados.com\\\/wp-content\\\/uploads\\\/2021\\\/03\\\/nueva-moratoria-concursal.jpg\",\"contentUrl\":\"https:\\\/\\\/martinezsanzabogados.com\\\/wp-content\\\/uploads\\\/2021\\\/03\\\/nueva-moratoria-concursal.jpg\",\"width\":1920,\"height\":1082,\"caption\":\"nueva moratoria concursal\"},{\"@type\":\"BreadcrumbList\",\"@id\":\"https:\\\/\\\/martinezsanzabogados.com\\\/nueva-moratoria-concursal\\\/#breadcrumb\",\"itemListElement\":[{\"@type\":\"ListItem\",\"position\":1,\"name\":\"Portada\",\"item\":\"https:\\\/\\\/martinezsanzabogados.com\\\/\"},{\"@type\":\"ListItem\",\"position\":2,\"name\":\"Nueva moratoria concursal, el peor remedio para una larga enfermedad\"}]},{\"@type\":\"WebSite\",\"@id\":\"https:\\\/\\\/martinezsanzabogados.com\\\/#website\",\"url\":\"https:\\\/\\\/martinezsanzabogados.com\\\/\",\"name\":\"Mart\u00ednez Sanz Abogados\",\"description\":\"\",\"publisher\":{\"@id\":\"https:\\\/\\\/martinezsanzabogados.com\\\/#organization\"},\"potentialAction\":[{\"@type\":\"SearchAction\",\"target\":{\"@type\":\"EntryPoint\",\"urlTemplate\":\"https:\\\/\\\/martinezsanzabogados.com\\\/?s={search_term_string}\"},\"query-input\":{\"@type\":\"PropertyValueSpecification\",\"valueRequired\":true,\"valueName\":\"search_term_string\"}}],\"inLanguage\":\"en-GB\"},{\"@type\":\"Organization\",\"@id\":\"https:\\\/\\\/martinezsanzabogados.com\\\/#organization\",\"name\":\"Mart\u00ednez Sanz Abogados\",\"url\":\"https:\\\/\\\/martinezsanzabogados.com\\\/\",\"logo\":{\"@type\":\"ImageObject\",\"inLanguage\":\"en-GB\",\"@id\":\"https:\\\/\\\/martinezsanzabogados.com\\\/#\\\/schema\\\/logo\\\/image\\\/\",\"url\":\"https:\\\/\\\/martinezsanzabogados.com\\\/wp-content\\\/uploads\\\/2021\\\/10\\\/Logo-Martinez-Sanz.png\",\"contentUrl\":\"https:\\\/\\\/martinezsanzabogados.com\\\/wp-content\\\/uploads\\\/2021\\\/10\\\/Logo-Martinez-Sanz.png\",\"width\":350,\"height\":166,\"caption\":\"Mart\u00ednez Sanz Abogados\"},\"image\":{\"@id\":\"https:\\\/\\\/martinezsanzabogados.com\\\/#\\\/schema\\\/logo\\\/image\\\/\"},\"sameAs\":[\"https:\\\/\\\/www.facebook.com\\\/martinezsanzabogados\"]},{\"@type\":\"Person\",\"@id\":\"https:\\\/\\\/martinezsanzabogados.com\\\/#\\\/schema\\\/person\\\/869a99c54e428fcd47fa53eab44e8379\",\"name\":\"Fernando Mart\u00ednez Sanz\",\"image\":{\"@type\":\"ImageObject\",\"inLanguage\":\"en-GB\",\"@id\":\"https:\\\/\\\/secure.gravatar.com\\\/avatar\\\/c42cdc64dc77e92dcbf5a0ee7ac0a78ac6f21dee78166ff10da4e1bfc8e994e7?s=96&d=mm&r=g\",\"url\":\"https:\\\/\\\/secure.gravatar.com\\\/avatar\\\/c42cdc64dc77e92dcbf5a0ee7ac0a78ac6f21dee78166ff10da4e1bfc8e994e7?s=96&d=mm&r=g\",\"contentUrl\":\"https:\\\/\\\/secure.gravatar.com\\\/avatar\\\/c42cdc64dc77e92dcbf5a0ee7ac0a78ac6f21dee78166ff10da4e1bfc8e994e7?s=96&d=mm&r=g\",\"caption\":\"Fernando Mart\u00ednez Sanz\"},\"description\":\"Doctor en Derecho por la Universidad de Alcal\u00e1 de Henares con la m\u00e1xima calificaci\u00f3n. Premio Extraordinario de Doctorado. Desde 2001 es Catedr\u00e1tico de Derecho Mercantil en la Universitat Jaume I de Castell\u00f3n. Vocal de la Secci\u00f3n Especial de la Comisi\u00f3n General de Codificaci\u00f3n para la reforma del C\u00f3digo de Comercio en materia de contrato de transporte de mercanc\u00edas. Ha impartido multitud de conferencias y cursos en Universidades, Centros y Colegios Profesionales, tanto en Espa\u00f1a como en el extranjero, y es \u00e1rbitro de la Corte de Arbitraje de la C\u00e1mara de Comercio de Castell\u00f3n y Valencia. Es autor de diversos art\u00edculos en revistas jur\u00eddicas nacionales y extranjeras (alemanas e italianas), as\u00ed como de varias monograf\u00edas y publicaciones, tanto en materia de Derecho Mercantil, como en Derecho societario, concursal y de planes de reestructuraci\u00f3n. Tiene una vasta experiencia profesional como administrador concursal en m\u00e1s de 150 procedimientos, habiendo intervenido en diversos procesos de venta de unidades productivas\",\"sameAs\":[\"https:\\\/\\\/www.linkedin.com\\\/in\\\/fernando-martnez-sanz-00819641\"],\"url\":\"https:\\\/\\\/martinezsanzabogados.com\\\/en\\\/author\\\/admin\\\/\"}]}<\/script>\n<!-- \/ Yoast SEO plugin. -->","yoast_head_json":{"title":"Nueva moratoria concursal - Mart\u00ednez Sanz Abogados","robots":{"index":"index","follow":"follow","max-snippet":"max-snippet:-1","max-image-preview":"max-image-preview:large","max-video-preview":"max-video-preview:-1"},"canonical":"https:\/\/martinezsanzabogados.com\/en\/nueva-moratoria-concursal\/","og_locale":"en_GB","og_type":"article","og_title":"Nueva moratoria concursal - Mart\u00ednez Sanz Abogados","og_description":"Finalmente, el Gobierno ha optado por hacer \u201cm\u00e1s de lo mismo\u201d aprobando el Real Decreto-Ley 5\/2021,\u00a0de medidas extraordinarias de apoyo a la solvencia empresarial en respuesta a la pandemia de la COVID-19. Este Decreto entr\u00f3 en vigor el s\u00e1bado d\u00eda 13 de marzo, coincidiendo con su publicaci\u00f3n en el Bolet\u00edn Oficial del Estado y define [&hellip;]","og_url":"https:\/\/martinezsanzabogados.com\/en\/nueva-moratoria-concursal\/","og_site_name":"Mart\u00ednez Sanz Abogados","article_publisher":"https:\/\/www.facebook.com\/martinezsanzabogados","article_published_time":"2021-03-18T08:22:09+00:00","article_modified_time":"2023-09-08T12:02:19+00:00","og_image":[{"width":1920,"height":1082,"url":"https:\/\/martinezsanzabogados.com\/wp-content\/uploads\/2021\/03\/nueva-moratoria-concursal.jpg","type":"image\/jpeg"}],"author":"Fernando Mart\u00ednez Sanz","twitter_card":"summary_large_image","twitter_misc":{"Written by":"Fernando Mart\u00ednez Sanz","Estimated reading time":"2 minutes"},"schema":{"@context":"https:\/\/schema.org","@graph":[{"@type":"Article","@id":"https:\/\/martinezsanzabogados.com\/nueva-moratoria-concursal\/#article","isPartOf":{"@id":"https:\/\/martinezsanzabogados.com\/nueva-moratoria-concursal\/"},"author":{"name":"Fernando Mart\u00ednez Sanz","@id":"https:\/\/martinezsanzabogados.com\/#\/schema\/person\/869a99c54e428fcd47fa53eab44e8379"},"headline":"Nueva moratoria concursal, el peor remedio para una larga enfermedad","datePublished":"2021-03-18T08:22:09+00:00","dateModified":"2023-09-08T12:02:19+00:00","mainEntityOfPage":{"@id":"https:\/\/martinezsanzabogados.com\/nueva-moratoria-concursal\/"},"wordCount":496,"commentCount":0,"publisher":{"@id":"https:\/\/martinezsanzabogados.com\/#organization"},"image":{"@id":"https:\/\/martinezsanzabogados.com\/nueva-moratoria-concursal\/#primaryimage"},"thumbnailUrl":"https:\/\/martinezsanzabogados.com\/wp-content\/uploads\/2021\/03\/nueva-moratoria-concursal.jpg","keywords":["asesoramiento legal","Derecho concursal","moratoria concursal"],"articleSection":["Informaci\u00f3n de inter\u00e9s"],"inLanguage":"en-GB","potentialAction":[{"@type":"CommentAction","name":"Comment","target":["https:\/\/martinezsanzabogados.com\/nueva-moratoria-concursal\/#respond"]}]},{"@type":"WebPage","@id":"https:\/\/martinezsanzabogados.com\/nueva-moratoria-concursal\/","url":"https:\/\/martinezsanzabogados.com\/nueva-moratoria-concursal\/","name":"Nueva moratoria concursal - Mart\u00ednez Sanz Abogados","isPartOf":{"@id":"https:\/\/martinezsanzabogados.com\/#website"},"primaryImageOfPage":{"@id":"https:\/\/martinezsanzabogados.com\/nueva-moratoria-concursal\/#primaryimage"},"image":{"@id":"https:\/\/martinezsanzabogados.com\/nueva-moratoria-concursal\/#primaryimage"},"thumbnailUrl":"https:\/\/martinezsanzabogados.com\/wp-content\/uploads\/2021\/03\/nueva-moratoria-concursal.jpg","datePublished":"2021-03-18T08:22:09+00:00","dateModified":"2023-09-08T12:02:19+00:00","breadcrumb":{"@id":"https:\/\/martinezsanzabogados.com\/nueva-moratoria-concursal\/#breadcrumb"},"inLanguage":"en-GB","potentialAction":[{"@type":"ReadAction","target":["https:\/\/martinezsanzabogados.com\/nueva-moratoria-concursal\/"]}]},{"@type":"ImageObject","inLanguage":"en-GB","@id":"https:\/\/martinezsanzabogados.com\/nueva-moratoria-concursal\/#primaryimage","url":"https:\/\/martinezsanzabogados.com\/wp-content\/uploads\/2021\/03\/nueva-moratoria-concursal.jpg","contentUrl":"https:\/\/martinezsanzabogados.com\/wp-content\/uploads\/2021\/03\/nueva-moratoria-concursal.jpg","width":1920,"height":1082,"caption":"nueva moratoria concursal"},{"@type":"BreadcrumbList","@id":"https:\/\/martinezsanzabogados.com\/nueva-moratoria-concursal\/#breadcrumb","itemListElement":[{"@type":"ListItem","position":1,"name":"Portada","item":"https:\/\/martinezsanzabogados.com\/"},{"@type":"ListItem","position":2,"name":"Nueva moratoria concursal, el peor remedio para una larga enfermedad"}]},{"@type":"WebSite","@id":"https:\/\/martinezsanzabogados.com\/#website","url":"https:\/\/martinezsanzabogados.com\/","name":"Mart\u00ednez Sanz Lawyers","description":"","publisher":{"@id":"https:\/\/martinezsanzabogados.com\/#organization"},"potentialAction":[{"@type":"SearchAction","target":{"@type":"EntryPoint","urlTemplate":"https:\/\/martinezsanzabogados.com\/?s={search_term_string}"},"query-input":{"@type":"PropertyValueSpecification","valueRequired":true,"valueName":"search_term_string"}}],"inLanguage":"en-GB"},{"@type":"Organization","@id":"https:\/\/martinezsanzabogados.com\/#organization","name":"Mart\u00ednez Sanz Lawyers","url":"https:\/\/martinezsanzabogados.com\/","logo":{"@type":"ImageObject","inLanguage":"en-GB","@id":"https:\/\/martinezsanzabogados.com\/#\/schema\/logo\/image\/","url":"https:\/\/martinezsanzabogados.com\/wp-content\/uploads\/2021\/10\/Logo-Martinez-Sanz.png","contentUrl":"https:\/\/martinezsanzabogados.com\/wp-content\/uploads\/2021\/10\/Logo-Martinez-Sanz.png","width":350,"height":166,"caption":"Mart\u00ednez Sanz Abogados"},"image":{"@id":"https:\/\/martinezsanzabogados.com\/#\/schema\/logo\/image\/"},"sameAs":["https:\/\/www.facebook.com\/martinezsanzabogados"]},{"@type":"Person","@id":"https:\/\/martinezsanzabogados.com\/#\/schema\/person\/869a99c54e428fcd47fa53eab44e8379","name":"Fernando Mart\u00ednez Sanz","image":{"@type":"ImageObject","inLanguage":"en-GB","@id":"https:\/\/secure.gravatar.com\/avatar\/c42cdc64dc77e92dcbf5a0ee7ac0a78ac6f21dee78166ff10da4e1bfc8e994e7?s=96&d=mm&r=g","url":"https:\/\/secure.gravatar.com\/avatar\/c42cdc64dc77e92dcbf5a0ee7ac0a78ac6f21dee78166ff10da4e1bfc8e994e7?s=96&d=mm&r=g","contentUrl":"https:\/\/secure.gravatar.com\/avatar\/c42cdc64dc77e92dcbf5a0ee7ac0a78ac6f21dee78166ff10da4e1bfc8e994e7?s=96&d=mm&r=g","caption":"Fernando Mart\u00ednez Sanz"},"description":"PhD in Law from the University of Alcal\u00e1 de Henares with the highest qualification. Extraordinary Doctorate Award. Since 2001 he has been Professor of Commercial Law at the Universitat Jaume I in Castell\u00f3n. Member of the Special Section of the General Codification Commission for the reform of the Commercial Code in the field of the contract of carriage of goods. He has given many lectures and courses at Universities, Centres and Professional Associations, both in Spain and abroad, and is an arbitrator at the Court of Arbitration of the Chamber of Commerce of Castell\u00f3n and Valencia. He is the author of several articles in national and foreign legal journals (German and Italian), as well as of several monographs and publications, both on commercial law, corporate law, insolvency law and restructuring plans. He has extensive professional experience as an insolvency administrator in more than 150 insolvency proceedings, having been involved in several sales of production units.","sameAs":["https:\/\/www.linkedin.com\/in\/fernando-martnez-sanz-00819641"],"url":"https:\/\/martinezsanzabogados.com\/en\/author\/admin\/"}]}},"_links":{"self":[{"href":"https:\/\/martinezsanzabogados.com\/en\/wp-json\/wp\/v2\/posts\/6424","targetHints":{"allow":["GET"]}}],"collection":[{"href":"https:\/\/martinezsanzabogados.com\/en\/wp-json\/wp\/v2\/posts"}],"about":[{"href":"https:\/\/martinezsanzabogados.com\/en\/wp-json\/wp\/v2\/types\/post"}],"author":[{"embeddable":true,"href":"https:\/\/martinezsanzabogados.com\/en\/wp-json\/wp\/v2\/users\/5"}],"replies":[{"embeddable":true,"href":"https:\/\/martinezsanzabogados.com\/en\/wp-json\/wp\/v2\/comments?post=6424"}],"version-history":[{"count":0,"href":"https:\/\/martinezsanzabogados.com\/en\/wp-json\/wp\/v2\/posts\/6424\/revisions"}],"wp:featuredmedia":[{"embeddable":true,"href":"https:\/\/martinezsanzabogados.com\/en\/wp-json\/wp\/v2\/media\/6428"}],"wp:attachment":[{"href":"https:\/\/martinezsanzabogados.com\/en\/wp-json\/wp\/v2\/media?parent=6424"}],"wp:term":[{"taxonomy":"category","embeddable":true,"href":"https:\/\/martinezsanzabogados.com\/en\/wp-json\/wp\/v2\/categories?post=6424"},{"taxonomy":"post_tag","embeddable":true,"href":"https:\/\/martinezsanzabogados.com\/en\/wp-json\/wp\/v2\/tags?post=6424"}],"curies":[{"name":"wp","href":"https:\/\/api.w.org\/{rel}","templated":true}]}}