{"id":6150,"date":"2020-07-03T11:56:47","date_gmt":"2020-07-03T09:56:47","guid":{"rendered":"http:\/\/martinezsanzabogados.com\/?p=6150"},"modified":"2023-09-08T14:05:20","modified_gmt":"2023-09-08T12:05:20","slug":"que-requisitos-tengo-que-tener-en-cuenta-para-formar-una-franquicia","status":"publish","type":"post","link":"https:\/\/martinezsanzabogados.com\/en\/que-requisitos-tengo-que-tener-en-cuenta-para-formar-una-franquicia\/","title":{"rendered":"\u00bfQu\u00e9 requisitos tengo que tener en cuenta para formar una franquicia?"},"content":{"rendered":"<p>En un post anterior les habl\u00e1bamos de las <strong><a href=\"https:\/\/martinezsanzabogados.com\/en\/everything-you-need-to-know-about-franchising\/\">ventajas e inconvenientes de formar una franquicia<\/a><\/strong>. Hoy, pues, queremos responder a la pregunta que m\u00e1s se hacen: \u00bfqu\u00e9 requisitos tengo que tener en cuenta para formar una franquicia? Tanto el franquiciador, como el franquiciado, deber\u00e1n tener en mente muchos aspectos a la hora de tomar esta decisi\u00f3n.<\/p>\n<p>A la hora de iniciar un negocio es fundamental hacer un plan de empresa. En \u00e9l, deber\u00e1 analizar con profundidad si la empresa tiene un modelo de negocio de \u00e9xito probado y definir su estrategia. Esto es, qu\u00e9 beneficios va a exigir a la cadena para abrir una franquicia y qu\u00e9 va a ofrecerles a cambio el franquiciado, y viceversa. Por otro lado, tambi\u00e9n es esencial que el nombre de la franquicia tenga la <strong>\u00ab<a href=\"https:\/\/www.oepm.es\/es\/index.html\">marca registrada<\/a>\u00ab.<\/strong><\/p>\n<h2>\u00bfQu\u00e9 normativa afecta a una franquicia?<\/h2>\n<p>Para abrir una franquicia, usted tiene que tener presente el\u00a0<a href=\"http:\/\/www.boe.es\/boe\/dias\/2010\/03\/13\/pdfs\/BOE-A-2010-4175.pdf\" target=\"_blank\" rel=\"noopener\">Real Decreto 201\/2010 del 26 de febrero<\/a>, que regula el ejercicio de la actividad comercial en r\u00e9gimen de franquicia.\u00a0Adem\u00e1s, tambi\u00e9n le afectar\u00e1 el Art\u00edculo 62 de la\u00a0<a href=\"http:\/\/www.boe.es\/buscar\/act.php?id=BOE-A-1996-1072\" target=\"_blank\" rel=\"noopener\">Ley de Comercio Minorista<\/a>,\u00a0que incluye la regulaci\u00f3n del r\u00e9gimen de franquicia.<\/p>\n<h2>Aspectos a tener en cuenta por parte del franquiciador<\/h2>\n<p>Si usted est\u00e1 pensando en convertir su empresa en una franquicia o, directemente, en formar una nueva empresa como franquicia, debe tener en cuenta la <strong>importancia de proteger su marca.<\/strong> De este modo, evitar\u00e1 que otras personas puedan utilizar su idea, nombre o imagen. Por ello, el primer paso es <a href=\"https:\/\/www.oepm.es\/es\/index.html\"><strong>registrar la marca<\/strong><\/a>, el logotipo y cualquier aspecto de la imagen corporativa y actividad original de la empresa.<\/p>\n<p>En segundo lugar, en algunas comunidades aut\u00f3nomas existe el requisito legal de inscribir su empresa como franquicia. Antes, esto era un requisito legal en todo el pa\u00eds. Pero, con la entrada en vigor del\u00a0<strong><a href=\"https:\/\/www.boe.es\/buscar\/act.php?id=BOE-A-2018-16791#a6\" target=\"_blank\" rel=\"noopener\">Real Decreto Ley 20\/2018 de 7 de diciembre<\/a><\/strong><em>\u00a0<\/em><strong>qued\u00f3 derogado el art\u00edculo 62.2 de la <a href=\"http:\/\/www.boe.es\/buscar\/act.php?id=BOE-A-1996-1072\">Ley de Ordenaci\u00f3n del Comercio Minorista<\/a> <\/strong>y, por lo tanto, la obligaci\u00f3n de las empresas que quisieran desarrollar una actividad franquiciadora en Espa\u00f1a a comunicarla al Registro de Franquiciadores. Ahora, las empresas que se dediquen a estas actividades solamente deber\u00e1n realizar las comunicaciones que se exijan en las normas de las comunidades aut\u00f3nomas donde desarrollan su actividad.<\/p>\n<p>Por otro lado, debe poner especial atenci\u00f3n en el <strong>contrato a firmar con sus franquiciados<\/strong>. Los asuntos que debe tratar en este contrato son: los derechos y obligaciones por parte de ambos, la duraci\u00f3n del mismo, la cesi\u00f3n de derechos, la localizaci\u00f3n, renovaciones, sanciones, cesiones, relaciones con proveedores y cualquier otra ventaja y condici\u00f3n de ser franquiciado de su empresa. Es mejor no dejar aspectos por tratar y ayudar a sus franquiciados a poder conseguir la viabilidad de su empresa, teniendo en cuenta que su \u00e9xito tambi\u00e9n favorecer\u00e1 al franquiciador.<\/p>\n<p>Adem\u00e1s, 20 d\u00edas antes de firmar el contrato, usted debe facilitar al franquiciado cierta <strong>informaci\u00f3n precontractual veraz<\/strong>:<\/p>\n<ul>\n<li>Datos del franquiciador: nombre y raz\u00f3n social, domicilio&#8230;<\/li>\n<li>Acreditaci\u00f3n del registro de la propiedad y uso de la marca.<\/li>\n<li>Descripci\u00f3n del sector de actividad.<\/li>\n<li>Exigencia del deber de confidencialidad.<\/li>\n<\/ul>\n<p>Para terminar, deber\u00e1 <strong>definir tambi\u00e9n los valores del sistema financiero<\/strong>: cuota inicial (si la hay), royalties y otros gastos.<\/p>\n<h2>Aspectos a tener en cuenta por parte del franquiciado<\/h2>\n<ul>\n<li>El franquiciador, en algunas ocasiones, deja a elecci\u00f3n del franquiciado la forma empresarial que desea darle a su empresa. En caso de ser as\u00ed, deber\u00e1 valorar si le conviene comenzar la andadura <strong>como persona f\u00edsica o jur\u00eddica<\/strong>. En otras, este aspecto viene impuesto por la empresa franquiciadora y, el franquiciador, simplemente, deber\u00e1 acatarlo.<\/li>\n<li>Por otro lado, existe un <strong>canon por franquiciado<\/strong> que, en ocasiones, hay franquicias que no exigen a sus franquiciados. Es por ello que, le recomendamos que se informe bien, para elegir cu\u00e1l es la mejor franquicia para usted. Aunque no solo debe fijarse en este aspecto, ya que, puede ser que le ofrezcan otras ventajas mucho m\u00e1s favorables, aunque le cobren el <strong>canon de entrada<\/strong>.<\/li>\n<li>Entrar en una marca franquiciadora tiene ciertas ventajas, ya que usted estar\u00e1 invirtiendo en un modelo de negocio ya validado. Es por esto que tambi\u00e9n pagar\u00e1 un <strong><a href=\"https:\/\/www.infofranquicias.com\/cd-7047\/El-Royalty.aspx\">royalty<\/a>, <\/strong>es decir, deber\u00e1 pagar a la franquicia un porcentaje de sus beneficios (entre un 3% y un 5% de su facturaci\u00f3n mensual). Esto tampoco es exigido por todas las cadenas y es un aspecto que deber\u00e1 tener en cuenta al formar una franquicia.<\/li>\n<li>En su caso, <strong>los costes de maquinaria dependen del franquiciado<\/strong>. Esto es algo que usted tendr\u00e1 que incluir en su plan de empresa como un gasto inicial.<\/li>\n<\/ul>\n<h3>\u00bfQu\u00e9 tener en cuenta al firmar un contrato de franquiciado?<\/h3>\n<p>Seg\u00fan el <a href=\"http:\/\/www.boe.es\/boe\/dias\/2010\/03\/13\/pdfs\/BOE-A-2010-4175.pdf\" target=\"_blank\" rel=\"noopener\">Real Decreto 201\/2010<\/a>\u00a0que hemos mencionado anteriormente, el derecho a la explotaci\u00f3n de la franquicia implica, entre otras cosas, \u00abla comunicaci\u00f3n por el franquiciador al franquiciado de unos conocimientos t\u00e9cnicos o un saber hacer, que deber\u00e1 ser propio, sustancial y singular\u00bb. Por ello, la franquicia debe <strong>ofrecerle facilidades para el buen funcionamiento de la empresa, tales como asistencia comercial o asistencia t\u00e9cnica, durante el tiempo que dure el acuerdo<\/strong>.<\/p>\n<p>Adem\u00e1s, en el contrato, deber\u00e1 comprobar qu\u00e9 relaci\u00f3n\u00a0jur\u00eddica se va a establecer con la firma de ese contrato para evitar problemas posteriores. Recuerde que, antes de firmar cualquier contrato, debe entender todas las cl\u00e1usulas y textos que forman parte de \u00e9l.<\/p>\n<div id=\"block-yui_3_17_2_1_1579856351839_60881\" class=\"sqs-block html-block sqs-block-html\" data-block-type=\"2\">\n<div class=\"sqs-block-content\">\n<p class=\"\">Por su parte, la franquicia siempre tendr\u00e1 <strong>derecho a supervisar el cumplimiento del contrato y de su pol\u00edtica de empresa<\/strong>, hecho que puede quedar tambi\u00e9n reflejado en el contrato.<\/p>\n<p class=\"\">Es por eso que, <strong>su contrato con la franquicia debe incluir mucho m\u00e1s<\/strong> que la concesi\u00f3n de las licencias de fabricaci\u00f3n, la cesi\u00f3n de marca registrada en determinada zona y su imagen comercial, y la transferencia de tecnolog\u00eda. Por ello, le recomendamos que contemple todos estos temas antes de firmar un contrato, como los precios con proveedores y otras facilidades y ventajas.<\/p>\n<h3>Registre su franquicia<\/h3>\n<p>Por \u00faltimo, en el plazo de tres meses tras abrir la franquicia, deber\u00e1 usted <strong>comunicar sus datos al registro de su comunidad aut\u00f3noma (si esta los requiere)<\/strong>.<\/p>\n<\/div>\n<\/div>\n<h4>\u00bfQu\u00e9 datos debo ofrecer al registro?<\/h4>\n<ul>\n<li><strong>Datos generales:<\/strong> el nombre o raz\u00f3n social de tu empresa,\u00a0domicilio, datos de inscripci\u00f3n en el Registro Mercantil, si es persona jur\u00eddica, y n\u00famero o c\u00f3digo de identificaci\u00f3n fiscal.<\/li>\n<li>Relaci\u00f3n de los <strong>derechos de propiedad industrial o intelectual<\/strong> que se establecen en el contrato que has formalizado con la franquicia, y la acreditaci\u00f3n de tener concedida y en vigor la titularidad.<\/li>\n<li>Derechos de <strong>licencia de uso<\/strong> sobre los mismos, as\u00ed como su duraci\u00f3n.<\/li>\n<\/ul>\n<p>Cuando usted haya registrado sus datos, se le conceder\u00e1 el\u00a0<strong>&#8216;indentificador registral&#8217;<\/strong> u otro documento que certifique y acredite que su franquicia ha sido registrada.<\/p>\n<p>En conclusi\u00f3n, al tomar la decisi\u00f3n de abrir una franquicia (bien sea como franquiciador o como franquiciado), siempre es recomendable que pida asesoramiento legal. En <a href=\"http:\/\/martinezsanzabogados.com\/en\/\">Mart\u00ednez-Sanz Lawyers<\/a> estamos aqu\u00ed para ayudarle con cualquier necesidad que pueda surgirle durante el proceso, no dude en <a href=\"http:\/\/martinezsanzabogados.com\/en\/contact\/\">contact us<\/a>.<\/p>","protected":false},"excerpt":{"rendered":"<p>En un post anterior les habl\u00e1bamos de las ventajas e inconvenientes de formar una franquicia. Hoy, pues, queremos responder a la pregunta que m\u00e1s se hacen: \u00bfqu\u00e9 requisitos tengo que tener en cuenta para formar una franquicia? Tanto el franquiciador, como el franquiciado, deber\u00e1n tener en mente muchos aspectos a la hora de tomar esta [&hellip;]<\/p>","protected":false},"author":5,"featured_media":6151,"comment_status":"open","ping_status":"closed","sticky":false,"template":"","format":"standard","meta":{"footnotes":""},"categories":[710],"tags":[122,191,192,193],"class_list":["post-6150","post","type-post","status-publish","format-standard","has-post-thumbnail","hentry","category-informacion-de-interes","tag-contratos","tag-franquiciado","tag-franquiciador","tag-franquicias"],"yoast_head":"<!-- This site is optimized with the Yoast SEO plugin v27.4 - https:\/\/yoast.com\/product\/yoast-seo-wordpress\/ -->\n<title>Requisitos a tener en cuenta para formar una franquicia - Mart\u00ednez Sanz Abogados<\/title>\n<meta name=\"description\" content=\"Tanto el franquiciador, como el franquiciado, deber\u00e1n tener en cuenta muchos requisitos para hora formar una franquicia. Hoy, se lo contamos.\" \/>\n<meta name=\"robots\" content=\"index, follow, max-snippet:-1, max-image-preview:large, max-video-preview:-1\" \/>\n<link rel=\"canonical\" href=\"https:\/\/martinezsanzabogados.com\/en\/que-requisitos-tengo-que-tener-en-cuenta-para-formar-una-franquicia\/\" \/>\n<meta property=\"og:locale\" content=\"en_GB\" \/>\n<meta property=\"og:type\" content=\"article\" \/>\n<meta property=\"og:title\" content=\"Requisitos a tener en cuenta para formar una franquicia - Mart\u00ednez Sanz Abogados\" \/>\n<meta property=\"og:description\" content=\"Tanto el franquiciador, como el franquiciado, deber\u00e1n tener en cuenta muchos requisitos para hora formar una franquicia. Hoy, se lo contamos.\" \/>\n<meta property=\"og:url\" content=\"https:\/\/martinezsanzabogados.com\/en\/que-requisitos-tengo-que-tener-en-cuenta-para-formar-una-franquicia\/\" \/>\n<meta property=\"og:site_name\" content=\"Mart\u00ednez Sanz Abogados\" \/>\n<meta property=\"article:publisher\" content=\"https:\/\/www.facebook.com\/martinezsanzabogados\" \/>\n<meta property=\"article:published_time\" content=\"2020-07-03T09:56:47+00:00\" \/>\n<meta property=\"article:modified_time\" content=\"2023-09-08T12:05:20+00:00\" \/>\n<meta property=\"og:image\" content=\"https:\/\/martinezsanzabogados.com\/wp-content\/uploads\/2020\/07\/Martinez-Sanz-Julio-2020-Post1-\u00bfQue-requisitos-tengo-que-tener-en-cuenta-para-formar-una-franquicia-scaled.jpg\" \/>\n\t<meta property=\"og:image:width\" content=\"1920\" \/>\n\t<meta property=\"og:image:height\" content=\"1280\" \/>\n\t<meta property=\"og:image:type\" content=\"image\/jpeg\" \/>\n<meta name=\"author\" content=\"Fernando Mart\u00ednez Sanz\" \/>\n<meta name=\"twitter:card\" content=\"summary_large_image\" \/>\n<meta name=\"twitter:label1\" content=\"Written by\" \/>\n\t<meta name=\"twitter:data1\" content=\"Fernando Mart\u00ednez Sanz\" \/>\n\t<meta name=\"twitter:label2\" content=\"Estimated reading time\" \/>\n\t<meta name=\"twitter:data2\" content=\"6 minutes\" \/>\n<script type=\"application\/ld+json\" class=\"yoast-schema-graph\">{\"@context\":\"https:\\\/\\\/schema.org\",\"@graph\":[{\"@type\":\"Article\",\"@id\":\"https:\\\/\\\/martinezsanzabogados.com\\\/que-requisitos-tengo-que-tener-en-cuenta-para-formar-una-franquicia\\\/#article\",\"isPartOf\":{\"@id\":\"https:\\\/\\\/martinezsanzabogados.com\\\/que-requisitos-tengo-que-tener-en-cuenta-para-formar-una-franquicia\\\/\"},\"author\":{\"name\":\"Fernando Mart\u00ednez Sanz\",\"@id\":\"https:\\\/\\\/martinezsanzabogados.com\\\/#\\\/schema\\\/person\\\/869a99c54e428fcd47fa53eab44e8379\"},\"headline\":\"\u00bfQu\u00e9 requisitos tengo que tener en cuenta para formar una franquicia?\",\"datePublished\":\"2020-07-03T09:56:47+00:00\",\"dateModified\":\"2023-09-08T12:05:20+00:00\",\"mainEntityOfPage\":{\"@id\":\"https:\\\/\\\/martinezsanzabogados.com\\\/que-requisitos-tengo-que-tener-en-cuenta-para-formar-una-franquicia\\\/\"},\"wordCount\":1214,\"commentCount\":0,\"publisher\":{\"@id\":\"https:\\\/\\\/martinezsanzabogados.com\\\/#organization\"},\"image\":{\"@id\":\"https:\\\/\\\/martinezsanzabogados.com\\\/que-requisitos-tengo-que-tener-en-cuenta-para-formar-una-franquicia\\\/#primaryimage\"},\"thumbnailUrl\":\"https:\\\/\\\/martinezsanzabogados.com\\\/wp-content\\\/uploads\\\/2020\\\/07\\\/Martinez-Sanz-Julio-2020-Post1-\u00bfQue-requisitos-tengo-que-tener-en-cuenta-para-formar-una-franquicia-scaled.jpg\",\"keywords\":[\"contratos\",\"franquiciado\",\"franquiciador\",\"franquicias\"],\"articleSection\":[\"Informaci\u00f3n de inter\u00e9s\"],\"inLanguage\":\"en-GB\",\"potentialAction\":[{\"@type\":\"CommentAction\",\"name\":\"Comment\",\"target\":[\"https:\\\/\\\/martinezsanzabogados.com\\\/que-requisitos-tengo-que-tener-en-cuenta-para-formar-una-franquicia\\\/#respond\"]}]},{\"@type\":\"WebPage\",\"@id\":\"https:\\\/\\\/martinezsanzabogados.com\\\/que-requisitos-tengo-que-tener-en-cuenta-para-formar-una-franquicia\\\/\",\"url\":\"https:\\\/\\\/martinezsanzabogados.com\\\/que-requisitos-tengo-que-tener-en-cuenta-para-formar-una-franquicia\\\/\",\"name\":\"Requisitos a tener en cuenta para formar una franquicia - Mart\u00ednez Sanz Abogados\",\"isPartOf\":{\"@id\":\"https:\\\/\\\/martinezsanzabogados.com\\\/#website\"},\"primaryImageOfPage\":{\"@id\":\"https:\\\/\\\/martinezsanzabogados.com\\\/que-requisitos-tengo-que-tener-en-cuenta-para-formar-una-franquicia\\\/#primaryimage\"},\"image\":{\"@id\":\"https:\\\/\\\/martinezsanzabogados.com\\\/que-requisitos-tengo-que-tener-en-cuenta-para-formar-una-franquicia\\\/#primaryimage\"},\"thumbnailUrl\":\"https:\\\/\\\/martinezsanzabogados.com\\\/wp-content\\\/uploads\\\/2020\\\/07\\\/Martinez-Sanz-Julio-2020-Post1-\u00bfQue-requisitos-tengo-que-tener-en-cuenta-para-formar-una-franquicia-scaled.jpg\",\"datePublished\":\"2020-07-03T09:56:47+00:00\",\"dateModified\":\"2023-09-08T12:05:20+00:00\",\"description\":\"Tanto el franquiciador, como el franquiciado, deber\u00e1n tener en cuenta muchos requisitos para hora formar una franquicia. Hoy, se lo contamos.\",\"breadcrumb\":{\"@id\":\"https:\\\/\\\/martinezsanzabogados.com\\\/que-requisitos-tengo-que-tener-en-cuenta-para-formar-una-franquicia\\\/#breadcrumb\"},\"inLanguage\":\"en-GB\",\"potentialAction\":[{\"@type\":\"ReadAction\",\"target\":[\"https:\\\/\\\/martinezsanzabogados.com\\\/que-requisitos-tengo-que-tener-en-cuenta-para-formar-una-franquicia\\\/\"]}]},{\"@type\":\"ImageObject\",\"inLanguage\":\"en-GB\",\"@id\":\"https:\\\/\\\/martinezsanzabogados.com\\\/que-requisitos-tengo-que-tener-en-cuenta-para-formar-una-franquicia\\\/#primaryimage\",\"url\":\"https:\\\/\\\/martinezsanzabogados.com\\\/wp-content\\\/uploads\\\/2020\\\/07\\\/Martinez-Sanz-Julio-2020-Post1-\u00bfQue-requisitos-tengo-que-tener-en-cuenta-para-formar-una-franquicia-scaled.jpg\",\"contentUrl\":\"https:\\\/\\\/martinezsanzabogados.com\\\/wp-content\\\/uploads\\\/2020\\\/07\\\/Martinez-Sanz-Julio-2020-Post1-\u00bfQue-requisitos-tengo-que-tener-en-cuenta-para-formar-una-franquicia-scaled.jpg\",\"width\":1920,\"height\":1280,\"caption\":\"Martinez Sanz Julio 2020 Post1 \u00bfQue requisitos tengo que tener en cuenta para formar una franquicia\"},{\"@type\":\"BreadcrumbList\",\"@id\":\"https:\\\/\\\/martinezsanzabogados.com\\\/que-requisitos-tengo-que-tener-en-cuenta-para-formar-una-franquicia\\\/#breadcrumb\",\"itemListElement\":[{\"@type\":\"ListItem\",\"position\":1,\"name\":\"Portada\",\"item\":\"https:\\\/\\\/martinezsanzabogados.com\\\/\"},{\"@type\":\"ListItem\",\"position\":2,\"name\":\"\u00bfQu\u00e9 requisitos tengo que tener en cuenta para formar una franquicia?\"}]},{\"@type\":\"WebSite\",\"@id\":\"https:\\\/\\\/martinezsanzabogados.com\\\/#website\",\"url\":\"https:\\\/\\\/martinezsanzabogados.com\\\/\",\"name\":\"Mart\u00ednez Sanz Abogados\",\"description\":\"\",\"publisher\":{\"@id\":\"https:\\\/\\\/martinezsanzabogados.com\\\/#organization\"},\"potentialAction\":[{\"@type\":\"SearchAction\",\"target\":{\"@type\":\"EntryPoint\",\"urlTemplate\":\"https:\\\/\\\/martinezsanzabogados.com\\\/?s={search_term_string}\"},\"query-input\":{\"@type\":\"PropertyValueSpecification\",\"valueRequired\":true,\"valueName\":\"search_term_string\"}}],\"inLanguage\":\"en-GB\"},{\"@type\":\"Organization\",\"@id\":\"https:\\\/\\\/martinezsanzabogados.com\\\/#organization\",\"name\":\"Mart\u00ednez Sanz Abogados\",\"url\":\"https:\\\/\\\/martinezsanzabogados.com\\\/\",\"logo\":{\"@type\":\"ImageObject\",\"inLanguage\":\"en-GB\",\"@id\":\"https:\\\/\\\/martinezsanzabogados.com\\\/#\\\/schema\\\/logo\\\/image\\\/\",\"url\":\"https:\\\/\\\/martinezsanzabogados.com\\\/wp-content\\\/uploads\\\/2021\\\/10\\\/Logo-Martinez-Sanz.png\",\"contentUrl\":\"https:\\\/\\\/martinezsanzabogados.com\\\/wp-content\\\/uploads\\\/2021\\\/10\\\/Logo-Martinez-Sanz.png\",\"width\":350,\"height\":166,\"caption\":\"Mart\u00ednez Sanz Abogados\"},\"image\":{\"@id\":\"https:\\\/\\\/martinezsanzabogados.com\\\/#\\\/schema\\\/logo\\\/image\\\/\"},\"sameAs\":[\"https:\\\/\\\/www.facebook.com\\\/martinezsanzabogados\"]},{\"@type\":\"Person\",\"@id\":\"https:\\\/\\\/martinezsanzabogados.com\\\/#\\\/schema\\\/person\\\/869a99c54e428fcd47fa53eab44e8379\",\"name\":\"Fernando Mart\u00ednez Sanz\",\"image\":{\"@type\":\"ImageObject\",\"inLanguage\":\"en-GB\",\"@id\":\"https:\\\/\\\/secure.gravatar.com\\\/avatar\\\/c42cdc64dc77e92dcbf5a0ee7ac0a78ac6f21dee78166ff10da4e1bfc8e994e7?s=96&d=mm&r=g\",\"url\":\"https:\\\/\\\/secure.gravatar.com\\\/avatar\\\/c42cdc64dc77e92dcbf5a0ee7ac0a78ac6f21dee78166ff10da4e1bfc8e994e7?s=96&d=mm&r=g\",\"contentUrl\":\"https:\\\/\\\/secure.gravatar.com\\\/avatar\\\/c42cdc64dc77e92dcbf5a0ee7ac0a78ac6f21dee78166ff10da4e1bfc8e994e7?s=96&d=mm&r=g\",\"caption\":\"Fernando Mart\u00ednez Sanz\"},\"description\":\"Doctor en Derecho por la Universidad de Alcal\u00e1 de Henares con la m\u00e1xima calificaci\u00f3n. Premio Extraordinario de Doctorado. Desde 2001 es Catedr\u00e1tico de Derecho Mercantil en la Universitat Jaume I de Castell\u00f3n. Vocal de la Secci\u00f3n Especial de la Comisi\u00f3n General de Codificaci\u00f3n para la reforma del C\u00f3digo de Comercio en materia de contrato de transporte de mercanc\u00edas. Ha impartido multitud de conferencias y cursos en Universidades, Centros y Colegios Profesionales, tanto en Espa\u00f1a como en el extranjero, y es \u00e1rbitro de la Corte de Arbitraje de la C\u00e1mara de Comercio de Castell\u00f3n y Valencia. Es autor de diversos art\u00edculos en revistas jur\u00eddicas nacionales y extranjeras (alemanas e italianas), as\u00ed como de varias monograf\u00edas y publicaciones, tanto en materia de Derecho Mercantil, como en Derecho societario, concursal y de planes de reestructuraci\u00f3n. Tiene una vasta experiencia profesional como administrador concursal en m\u00e1s de 150 procedimientos, habiendo intervenido en diversos procesos de venta de unidades productivas\",\"sameAs\":[\"https:\\\/\\\/www.linkedin.com\\\/in\\\/fernando-martnez-sanz-00819641\"],\"url\":\"https:\\\/\\\/martinezsanzabogados.com\\\/en\\\/author\\\/admin\\\/\"}]}<\/script>\n<!-- \/ Yoast SEO plugin. -->","yoast_head_json":{"title":"Requisitos a tener en cuenta para formar una franquicia - Mart\u00ednez Sanz Abogados","description":"Tanto el franquiciador, como el franquiciado, deber\u00e1n tener en cuenta muchos requisitos para hora formar una franquicia. Hoy, se lo contamos.","robots":{"index":"index","follow":"follow","max-snippet":"max-snippet:-1","max-image-preview":"max-image-preview:large","max-video-preview":"max-video-preview:-1"},"canonical":"https:\/\/martinezsanzabogados.com\/en\/que-requisitos-tengo-que-tener-en-cuenta-para-formar-una-franquicia\/","og_locale":"en_GB","og_type":"article","og_title":"Requisitos a tener en cuenta para formar una franquicia - Mart\u00ednez Sanz Abogados","og_description":"Tanto el franquiciador, como el franquiciado, deber\u00e1n tener en cuenta muchos requisitos para hora formar una franquicia. Hoy, se lo contamos.","og_url":"https:\/\/martinezsanzabogados.com\/en\/que-requisitos-tengo-que-tener-en-cuenta-para-formar-una-franquicia\/","og_site_name":"Mart\u00ednez Sanz Abogados","article_publisher":"https:\/\/www.facebook.com\/martinezsanzabogados","article_published_time":"2020-07-03T09:56:47+00:00","article_modified_time":"2023-09-08T12:05:20+00:00","og_image":[{"width":1920,"height":1280,"url":"https:\/\/martinezsanzabogados.com\/wp-content\/uploads\/2020\/07\/Martinez-Sanz-Julio-2020-Post1-\u00bfQue-requisitos-tengo-que-tener-en-cuenta-para-formar-una-franquicia-scaled.jpg","type":"image\/jpeg"}],"author":"Fernando Mart\u00ednez Sanz","twitter_card":"summary_large_image","twitter_misc":{"Written by":"Fernando Mart\u00ednez Sanz","Estimated reading time":"6 minutes"},"schema":{"@context":"https:\/\/schema.org","@graph":[{"@type":"Article","@id":"https:\/\/martinezsanzabogados.com\/que-requisitos-tengo-que-tener-en-cuenta-para-formar-una-franquicia\/#article","isPartOf":{"@id":"https:\/\/martinezsanzabogados.com\/que-requisitos-tengo-que-tener-en-cuenta-para-formar-una-franquicia\/"},"author":{"name":"Fernando Mart\u00ednez Sanz","@id":"https:\/\/martinezsanzabogados.com\/#\/schema\/person\/869a99c54e428fcd47fa53eab44e8379"},"headline":"\u00bfQu\u00e9 requisitos tengo que tener en cuenta para formar una franquicia?","datePublished":"2020-07-03T09:56:47+00:00","dateModified":"2023-09-08T12:05:20+00:00","mainEntityOfPage":{"@id":"https:\/\/martinezsanzabogados.com\/que-requisitos-tengo-que-tener-en-cuenta-para-formar-una-franquicia\/"},"wordCount":1214,"commentCount":0,"publisher":{"@id":"https:\/\/martinezsanzabogados.com\/#organization"},"image":{"@id":"https:\/\/martinezsanzabogados.com\/que-requisitos-tengo-que-tener-en-cuenta-para-formar-una-franquicia\/#primaryimage"},"thumbnailUrl":"https:\/\/martinezsanzabogados.com\/wp-content\/uploads\/2020\/07\/Martinez-Sanz-Julio-2020-Post1-\u00bfQue-requisitos-tengo-que-tener-en-cuenta-para-formar-una-franquicia-scaled.jpg","keywords":["contratos","franquiciado","franquiciador","franquicias"],"articleSection":["Informaci\u00f3n de inter\u00e9s"],"inLanguage":"en-GB","potentialAction":[{"@type":"CommentAction","name":"Comment","target":["https:\/\/martinezsanzabogados.com\/que-requisitos-tengo-que-tener-en-cuenta-para-formar-una-franquicia\/#respond"]}]},{"@type":"WebPage","@id":"https:\/\/martinezsanzabogados.com\/que-requisitos-tengo-que-tener-en-cuenta-para-formar-una-franquicia\/","url":"https:\/\/martinezsanzabogados.com\/que-requisitos-tengo-que-tener-en-cuenta-para-formar-una-franquicia\/","name":"Requisitos a tener en cuenta para formar una franquicia - Mart\u00ednez Sanz Abogados","isPartOf":{"@id":"https:\/\/martinezsanzabogados.com\/#website"},"primaryImageOfPage":{"@id":"https:\/\/martinezsanzabogados.com\/que-requisitos-tengo-que-tener-en-cuenta-para-formar-una-franquicia\/#primaryimage"},"image":{"@id":"https:\/\/martinezsanzabogados.com\/que-requisitos-tengo-que-tener-en-cuenta-para-formar-una-franquicia\/#primaryimage"},"thumbnailUrl":"https:\/\/martinezsanzabogados.com\/wp-content\/uploads\/2020\/07\/Martinez-Sanz-Julio-2020-Post1-\u00bfQue-requisitos-tengo-que-tener-en-cuenta-para-formar-una-franquicia-scaled.jpg","datePublished":"2020-07-03T09:56:47+00:00","dateModified":"2023-09-08T12:05:20+00:00","description":"Tanto el franquiciador, como el franquiciado, deber\u00e1n tener en cuenta muchos requisitos para hora formar una franquicia. Hoy, se lo contamos.","breadcrumb":{"@id":"https:\/\/martinezsanzabogados.com\/que-requisitos-tengo-que-tener-en-cuenta-para-formar-una-franquicia\/#breadcrumb"},"inLanguage":"en-GB","potentialAction":[{"@type":"ReadAction","target":["https:\/\/martinezsanzabogados.com\/que-requisitos-tengo-que-tener-en-cuenta-para-formar-una-franquicia\/"]}]},{"@type":"ImageObject","inLanguage":"en-GB","@id":"https:\/\/martinezsanzabogados.com\/que-requisitos-tengo-que-tener-en-cuenta-para-formar-una-franquicia\/#primaryimage","url":"https:\/\/martinezsanzabogados.com\/wp-content\/uploads\/2020\/07\/Martinez-Sanz-Julio-2020-Post1-\u00bfQue-requisitos-tengo-que-tener-en-cuenta-para-formar-una-franquicia-scaled.jpg","contentUrl":"https:\/\/martinezsanzabogados.com\/wp-content\/uploads\/2020\/07\/Martinez-Sanz-Julio-2020-Post1-\u00bfQue-requisitos-tengo-que-tener-en-cuenta-para-formar-una-franquicia-scaled.jpg","width":1920,"height":1280,"caption":"Martinez Sanz Julio 2020 Post1 \u00bfQue requisitos tengo que tener en cuenta para formar una franquicia"},{"@type":"BreadcrumbList","@id":"https:\/\/martinezsanzabogados.com\/que-requisitos-tengo-que-tener-en-cuenta-para-formar-una-franquicia\/#breadcrumb","itemListElement":[{"@type":"ListItem","position":1,"name":"Portada","item":"https:\/\/martinezsanzabogados.com\/"},{"@type":"ListItem","position":2,"name":"\u00bfQu\u00e9 requisitos tengo que tener en cuenta para formar una franquicia?"}]},{"@type":"WebSite","@id":"https:\/\/martinezsanzabogados.com\/#website","url":"https:\/\/martinezsanzabogados.com\/","name":"Mart\u00ednez Sanz Lawyers","description":"","publisher":{"@id":"https:\/\/martinezsanzabogados.com\/#organization"},"potentialAction":[{"@type":"SearchAction","target":{"@type":"EntryPoint","urlTemplate":"https:\/\/martinezsanzabogados.com\/?s={search_term_string}"},"query-input":{"@type":"PropertyValueSpecification","valueRequired":true,"valueName":"search_term_string"}}],"inLanguage":"en-GB"},{"@type":"Organization","@id":"https:\/\/martinezsanzabogados.com\/#organization","name":"Mart\u00ednez Sanz Lawyers","url":"https:\/\/martinezsanzabogados.com\/","logo":{"@type":"ImageObject","inLanguage":"en-GB","@id":"https:\/\/martinezsanzabogados.com\/#\/schema\/logo\/image\/","url":"https:\/\/martinezsanzabogados.com\/wp-content\/uploads\/2021\/10\/Logo-Martinez-Sanz.png","contentUrl":"https:\/\/martinezsanzabogados.com\/wp-content\/uploads\/2021\/10\/Logo-Martinez-Sanz.png","width":350,"height":166,"caption":"Mart\u00ednez Sanz Abogados"},"image":{"@id":"https:\/\/martinezsanzabogados.com\/#\/schema\/logo\/image\/"},"sameAs":["https:\/\/www.facebook.com\/martinezsanzabogados"]},{"@type":"Person","@id":"https:\/\/martinezsanzabogados.com\/#\/schema\/person\/869a99c54e428fcd47fa53eab44e8379","name":"Fernando Mart\u00ednez Sanz","image":{"@type":"ImageObject","inLanguage":"en-GB","@id":"https:\/\/secure.gravatar.com\/avatar\/c42cdc64dc77e92dcbf5a0ee7ac0a78ac6f21dee78166ff10da4e1bfc8e994e7?s=96&d=mm&r=g","url":"https:\/\/secure.gravatar.com\/avatar\/c42cdc64dc77e92dcbf5a0ee7ac0a78ac6f21dee78166ff10da4e1bfc8e994e7?s=96&d=mm&r=g","contentUrl":"https:\/\/secure.gravatar.com\/avatar\/c42cdc64dc77e92dcbf5a0ee7ac0a78ac6f21dee78166ff10da4e1bfc8e994e7?s=96&d=mm&r=g","caption":"Fernando Mart\u00ednez Sanz"},"description":"PhD in Law from the University of Alcal\u00e1 de Henares with the highest qualification. Extraordinary Doctorate Award. Since 2001 he has been Professor of Commercial Law at the Universitat Jaume I in Castell\u00f3n. Member of the Special Section of the General Codification Commission for the reform of the Commercial Code in the field of the contract of carriage of goods. He has given many lectures and courses at Universities, Centres and Professional Associations, both in Spain and abroad, and is an arbitrator at the Court of Arbitration of the Chamber of Commerce of Castell\u00f3n and Valencia. He is the author of several articles in national and foreign legal journals (German and Italian), as well as of several monographs and publications, both on commercial law, corporate law, insolvency law and restructuring plans. He has extensive professional experience as an insolvency administrator in more than 150 insolvency proceedings, having been involved in several sales of production units.","sameAs":["https:\/\/www.linkedin.com\/in\/fernando-martnez-sanz-00819641"],"url":"https:\/\/martinezsanzabogados.com\/en\/author\/admin\/"}]}},"_links":{"self":[{"href":"https:\/\/martinezsanzabogados.com\/en\/wp-json\/wp\/v2\/posts\/6150","targetHints":{"allow":["GET"]}}],"collection":[{"href":"https:\/\/martinezsanzabogados.com\/en\/wp-json\/wp\/v2\/posts"}],"about":[{"href":"https:\/\/martinezsanzabogados.com\/en\/wp-json\/wp\/v2\/types\/post"}],"author":[{"embeddable":true,"href":"https:\/\/martinezsanzabogados.com\/en\/wp-json\/wp\/v2\/users\/5"}],"replies":[{"embeddable":true,"href":"https:\/\/martinezsanzabogados.com\/en\/wp-json\/wp\/v2\/comments?post=6150"}],"version-history":[{"count":0,"href":"https:\/\/martinezsanzabogados.com\/en\/wp-json\/wp\/v2\/posts\/6150\/revisions"}],"wp:featuredmedia":[{"embeddable":true,"href":"https:\/\/martinezsanzabogados.com\/en\/wp-json\/wp\/v2\/media\/6151"}],"wp:attachment":[{"href":"https:\/\/martinezsanzabogados.com\/en\/wp-json\/wp\/v2\/media?parent=6150"}],"wp:term":[{"taxonomy":"category","embeddable":true,"href":"https:\/\/martinezsanzabogados.com\/en\/wp-json\/wp\/v2\/categories?post=6150"},{"taxonomy":"post_tag","embeddable":true,"href":"https:\/\/martinezsanzabogados.com\/en\/wp-json\/wp\/v2\/tags?post=6150"}],"curies":[{"name":"wp","href":"https:\/\/api.w.org\/{rel}","templated":true}]}}