{"id":5901,"date":"2019-10-23T07:13:27","date_gmt":"2019-10-23T05:13:27","guid":{"rendered":"http:\/\/martinezsanzabogados.com\/?p=5901"},"modified":"2023-09-08T14:11:18","modified_gmt":"2023-09-08T12:11:18","slug":"que-es-la-operacion-acordeon","status":"publish","type":"post","link":"https:\/\/martinezsanzabogados.com\/en\/que-es-la-operacion-acordeon\/","title":{"rendered":"\u00bfQu\u00e9 es la operaci\u00f3n acorde\u00f3n?"},"content":{"rendered":"<h1><span style=\"font-weight: 400;\">\u00bfQu\u00e9 es la operaci\u00f3n acorde\u00f3n?<\/span><\/h1>\n<p><span style=\"font-weight: 400;\">Desde Mart\u00ednez Sanz Abogados queremos resolver todas las dudas a cerca de la operaci\u00f3n acorde\u00f3n. Cuando una empresa ve su patrimonio neto reducido por debajo del m\u00ednimo legal y registra p\u00e9rdidas en su cuenta de resultados, esta entra en una situaci\u00f3n de disoluci\u00f3n obligatoria. En este caso <strong>la empresa puede realizar la operaci\u00f3n acorde\u00f3n para no disolver la sociedad y poder sanear las cuentas<\/strong>.<\/span><\/p>\n<p><span style=\"font-weight: 400;\">La operaci\u00f3n acorde\u00f3n es una operaci\u00f3n societaria especial que consiste en una reducci\u00f3n y ampliaci\u00f3n de capital simult\u00e1neas. La finalidad de esta operaci\u00f3n es sanear econ\u00f3micamente la sociedad. Para llevar a cabo la operaci\u00f3n <strong>la empresa reduce su capital social para compensar su endeudamiento y sanear, as\u00ed, su balance<\/strong>. Inmediatamente la empresa deber\u00e1 ampliar el capital para captar nuevos recursos y continuar con su actividad. Estos dos procesos se deben llevar a cabo de forma simult\u00e1nea.<\/span><\/p>\n<h2><span style=\"font-weight: 400;\">\u00bfQu\u00e9 hay que tener en cuenta al realizar la operaci\u00f3n acorde\u00f3n?<\/span><\/h2>\n<p><span style=\"font-weight: 400;\">Hay que tener en cuenta que <strong>no es obligatorio alcanzar el volumen previo a la reducci\u00f3n<\/strong>. La operaci\u00f3n acorde\u00f3n suele estar vinculada a un nuevo proyecto. As\u00ed pues, tras adaptar la cifra de capital social a las p\u00e9rdidas registradas, se espera contar con nuevos recursos financieros como consecuencia de la ampliaci\u00f3n. En caso de que el nuevo capital sea igual o superior al anterior la diferencia juega a favor de los acreedores. Por este motivo, estos no deber\u00edan oponerse a la operaci\u00f3n.\u00a0<\/span><\/p>\n<h2><span style=\"font-weight: 400;\">\u00bfC\u00f3mo se ejecuta la operaci\u00f3n acorde\u00f3n?<\/span><\/h2>\n<p><span style=\"font-weight: 400;\">Para ejecutar la operaci\u00f3n acorde\u00f3n <strong>es necesario que se haya acordado su realizaci\u00f3n en el seno de la junta general extraordinaria de socios<\/strong>, convocada por el \u00f3rgano de administradores. El texto de la convocatoria deber\u00e1 recoger la cantidad a la que se va a reducir el capital social y la cuant\u00eda en la que va a aumentar. Adem\u00e1s, recoger\u00e1 tambi\u00e9n la naturaleza simult\u00e1nea de la operaci\u00f3n y el derecho que asiste a los socios a examinar el texto integro de la modificaci\u00f3n propuesta y el informe de los administradores.<\/span><\/p>\n<p><span style=\"font-weight: 400;\">En la convocatoria ser\u00e1 necesario verificar por medio de un balance, correspondiente a los seis meses anteriores, la situaci\u00f3n patrimonial. <strong>Este balance deber\u00e1 estar verificado por los auditores<\/strong>.<\/span><\/p>\n<p><span style=\"font-weight: 400;\">Una vez adoptado el acuerdo que apruebe la realizaci\u00f3n de la operaci\u00f3n acorde\u00f3n ser\u00e1 necesario cumplir con unos requisitos de publicidad y respetar el derecho de oposici\u00f3n de los acreedores. Adem\u00e1s, ser\u00e1 necesario <strong>inscribir el acuerdo en el Registro Mercantil competente<\/strong>.<\/span><\/p>\n<h2><span style=\"font-weight: 400;\">\u00bfCu\u00e1ndo es obligatorio restablecer el equilibrio?<\/span><\/h2>\n<p><span style=\"font-weight: 400;\">Ser\u00e1 necesario restablecer el equilibrio cuando el <strong>patrimonio neto sea inferior a la mitad del capital social y cuando el patrimonio neto de una sociedad an\u00f3nima est\u00e9 situado entre la mitad y los dos tercios del capital social<\/strong>.<\/span><\/p>\n<p><span style=\"font-weight: 400;\">No dudes en contactar con nuestro despacho de abogados si tu sociedad se encuentra en esta situaci\u00f3n.<\/span><\/p>","protected":false},"excerpt":{"rendered":"<p>\u00bfQu\u00e9 es la operaci\u00f3n acorde\u00f3n? Desde Mart\u00ednez Sanz Abogados queremos resolver todas las dudas a cerca de la operaci\u00f3n acorde\u00f3n. Cuando una empresa ve su patrimonio neto reducido por debajo del m\u00ednimo legal y registra p\u00e9rdidas en su cuenta de resultados, esta entra en una situaci\u00f3n de disoluci\u00f3n obligatoria. En este caso la empresa puede [&hellip;]<\/p>","protected":false},"author":5,"featured_media":5902,"comment_status":"open","ping_status":"closed","sticky":false,"template":"","format":"standard","meta":{"footnotes":""},"categories":[710],"tags":[148,220,250,307],"class_list":["post-5901","post","type-post","status-publish","format-standard","has-post-thumbnail","hentry","category-informacion-de-interes","tag-derecho-mercantil","tag-legislacion","tag-operacion-acordeon","tag-sociedades"],"yoast_head":"<!-- This site is optimized with the Yoast SEO plugin v27.4 - https:\/\/yoast.com\/product\/yoast-seo-wordpress\/ -->\n<title>\u00bfQu\u00e9 es la operaci\u00f3n acorde\u00f3n? - Mart\u00ednez Sanz Abogados<\/title>\n<meta name=\"description\" content=\"La operaci\u00f3n acorde\u00f3n es una operaci\u00f3n societaria especial que consiste en una reducci\u00f3n y ampliaci\u00f3n de capital simult\u00e1neas. Conoce sus caracter\u00edsticas.\" \/>\n<meta name=\"robots\" content=\"index, follow, max-snippet:-1, max-image-preview:large, max-video-preview:-1\" \/>\n<link rel=\"canonical\" href=\"https:\/\/martinezsanzabogados.com\/en\/que-es-la-operacion-acordeon\/\" \/>\n<meta property=\"og:locale\" content=\"en_GB\" \/>\n<meta property=\"og:type\" content=\"article\" \/>\n<meta property=\"og:title\" content=\"\u00bfQu\u00e9 es la operaci\u00f3n acorde\u00f3n? - Mart\u00ednez Sanz Abogados\" \/>\n<meta property=\"og:description\" content=\"La operaci\u00f3n acorde\u00f3n es una operaci\u00f3n societaria especial que consiste en una reducci\u00f3n y ampliaci\u00f3n de capital simult\u00e1neas. Conoce sus caracter\u00edsticas.\" \/>\n<meta property=\"og:url\" content=\"https:\/\/martinezsanzabogados.com\/en\/que-es-la-operacion-acordeon\/\" \/>\n<meta property=\"og:site_name\" content=\"Mart\u00ednez Sanz Abogados\" \/>\n<meta property=\"article:publisher\" content=\"https:\/\/www.facebook.com\/martinezsanzabogados\" \/>\n<meta property=\"article:published_time\" content=\"2019-10-23T05:13:27+00:00\" \/>\n<meta property=\"article:modified_time\" content=\"2023-09-08T12:11:18+00:00\" \/>\n<meta property=\"og:image\" content=\"https:\/\/martinezsanzabogados.com\/wp-content\/uploads\/2019\/10\/MARTINEZ.SANZ-ABOGADOS-OPERACION-ACORDEON-scaled.jpg\" \/>\n\t<meta property=\"og:image:width\" content=\"1920\" \/>\n\t<meta property=\"og:image:height\" content=\"1280\" \/>\n\t<meta property=\"og:image:type\" content=\"image\/jpeg\" \/>\n<meta name=\"author\" content=\"Fernando Mart\u00ednez Sanz\" \/>\n<meta name=\"twitter:card\" content=\"summary_large_image\" \/>\n<meta name=\"twitter:label1\" content=\"Written by\" \/>\n\t<meta name=\"twitter:data1\" content=\"Fernando Mart\u00ednez Sanz\" \/>\n\t<meta name=\"twitter:label2\" content=\"Estimated reading time\" \/>\n\t<meta name=\"twitter:data2\" content=\"3 minutes\" \/>\n<script type=\"application\/ld+json\" class=\"yoast-schema-graph\">{\"@context\":\"https:\\\/\\\/schema.org\",\"@graph\":[{\"@type\":\"Article\",\"@id\":\"https:\\\/\\\/martinezsanzabogados.com\\\/que-es-la-operacion-acordeon\\\/#article\",\"isPartOf\":{\"@id\":\"https:\\\/\\\/martinezsanzabogados.com\\\/que-es-la-operacion-acordeon\\\/\"},\"author\":{\"name\":\"Fernando Mart\u00ednez Sanz\",\"@id\":\"https:\\\/\\\/martinezsanzabogados.com\\\/#\\\/schema\\\/person\\\/869a99c54e428fcd47fa53eab44e8379\"},\"headline\":\"\u00bfQu\u00e9 es la operaci\u00f3n acorde\u00f3n?\",\"datePublished\":\"2019-10-23T05:13:27+00:00\",\"dateModified\":\"2023-09-08T12:11:18+00:00\",\"mainEntityOfPage\":{\"@id\":\"https:\\\/\\\/martinezsanzabogados.com\\\/que-es-la-operacion-acordeon\\\/\"},\"wordCount\":521,\"commentCount\":0,\"publisher\":{\"@id\":\"https:\\\/\\\/martinezsanzabogados.com\\\/#organization\"},\"image\":{\"@id\":\"https:\\\/\\\/martinezsanzabogados.com\\\/que-es-la-operacion-acordeon\\\/#primaryimage\"},\"thumbnailUrl\":\"https:\\\/\\\/martinezsanzabogados.com\\\/wp-content\\\/uploads\\\/2019\\\/10\\\/MARTINEZ.SANZ-ABOGADOS-OPERACION-ACORDEON-scaled.jpg\",\"keywords\":[\"derecho mercantil\",\"legislaci\u00f3n\",\"operaci\u00f3n acorde\u00f3n\",\"Sociedades\"],\"articleSection\":[\"Informaci\u00f3n de inter\u00e9s\"],\"inLanguage\":\"en-GB\",\"potentialAction\":[{\"@type\":\"CommentAction\",\"name\":\"Comment\",\"target\":[\"https:\\\/\\\/martinezsanzabogados.com\\\/que-es-la-operacion-acordeon\\\/#respond\"]}]},{\"@type\":\"WebPage\",\"@id\":\"https:\\\/\\\/martinezsanzabogados.com\\\/que-es-la-operacion-acordeon\\\/\",\"url\":\"https:\\\/\\\/martinezsanzabogados.com\\\/que-es-la-operacion-acordeon\\\/\",\"name\":\"\u00bfQu\u00e9 es la operaci\u00f3n acorde\u00f3n? - Mart\u00ednez Sanz Abogados\",\"isPartOf\":{\"@id\":\"https:\\\/\\\/martinezsanzabogados.com\\\/#website\"},\"primaryImageOfPage\":{\"@id\":\"https:\\\/\\\/martinezsanzabogados.com\\\/que-es-la-operacion-acordeon\\\/#primaryimage\"},\"image\":{\"@id\":\"https:\\\/\\\/martinezsanzabogados.com\\\/que-es-la-operacion-acordeon\\\/#primaryimage\"},\"thumbnailUrl\":\"https:\\\/\\\/martinezsanzabogados.com\\\/wp-content\\\/uploads\\\/2019\\\/10\\\/MARTINEZ.SANZ-ABOGADOS-OPERACION-ACORDEON-scaled.jpg\",\"datePublished\":\"2019-10-23T05:13:27+00:00\",\"dateModified\":\"2023-09-08T12:11:18+00:00\",\"description\":\"La operaci\u00f3n acorde\u00f3n es una operaci\u00f3n societaria especial que consiste en una reducci\u00f3n y ampliaci\u00f3n de capital simult\u00e1neas. Conoce sus caracter\u00edsticas.\",\"breadcrumb\":{\"@id\":\"https:\\\/\\\/martinezsanzabogados.com\\\/que-es-la-operacion-acordeon\\\/#breadcrumb\"},\"inLanguage\":\"en-GB\",\"potentialAction\":[{\"@type\":\"ReadAction\",\"target\":[\"https:\\\/\\\/martinezsanzabogados.com\\\/que-es-la-operacion-acordeon\\\/\"]}]},{\"@type\":\"ImageObject\",\"inLanguage\":\"en-GB\",\"@id\":\"https:\\\/\\\/martinezsanzabogados.com\\\/que-es-la-operacion-acordeon\\\/#primaryimage\",\"url\":\"https:\\\/\\\/martinezsanzabogados.com\\\/wp-content\\\/uploads\\\/2019\\\/10\\\/MARTINEZ.SANZ-ABOGADOS-OPERACION-ACORDEON-scaled.jpg\",\"contentUrl\":\"https:\\\/\\\/martinezsanzabogados.com\\\/wp-content\\\/uploads\\\/2019\\\/10\\\/MARTINEZ.SANZ-ABOGADOS-OPERACION-ACORDEON-scaled.jpg\",\"width\":1920,\"height\":1280,\"caption\":\"MARTINEZ.SANZ ABOGADOS OPERACION ACORDEON\"},{\"@type\":\"BreadcrumbList\",\"@id\":\"https:\\\/\\\/martinezsanzabogados.com\\\/que-es-la-operacion-acordeon\\\/#breadcrumb\",\"itemListElement\":[{\"@type\":\"ListItem\",\"position\":1,\"name\":\"Portada\",\"item\":\"https:\\\/\\\/martinezsanzabogados.com\\\/\"},{\"@type\":\"ListItem\",\"position\":2,\"name\":\"\u00bfQu\u00e9 es la operaci\u00f3n acorde\u00f3n?\"}]},{\"@type\":\"WebSite\",\"@id\":\"https:\\\/\\\/martinezsanzabogados.com\\\/#website\",\"url\":\"https:\\\/\\\/martinezsanzabogados.com\\\/\",\"name\":\"Mart\u00ednez Sanz Abogados\",\"description\":\"\",\"publisher\":{\"@id\":\"https:\\\/\\\/martinezsanzabogados.com\\\/#organization\"},\"potentialAction\":[{\"@type\":\"SearchAction\",\"target\":{\"@type\":\"EntryPoint\",\"urlTemplate\":\"https:\\\/\\\/martinezsanzabogados.com\\\/?s={search_term_string}\"},\"query-input\":{\"@type\":\"PropertyValueSpecification\",\"valueRequired\":true,\"valueName\":\"search_term_string\"}}],\"inLanguage\":\"en-GB\"},{\"@type\":\"Organization\",\"@id\":\"https:\\\/\\\/martinezsanzabogados.com\\\/#organization\",\"name\":\"Mart\u00ednez Sanz Abogados\",\"url\":\"https:\\\/\\\/martinezsanzabogados.com\\\/\",\"logo\":{\"@type\":\"ImageObject\",\"inLanguage\":\"en-GB\",\"@id\":\"https:\\\/\\\/martinezsanzabogados.com\\\/#\\\/schema\\\/logo\\\/image\\\/\",\"url\":\"https:\\\/\\\/martinezsanzabogados.com\\\/wp-content\\\/uploads\\\/2021\\\/10\\\/Logo-Martinez-Sanz.png\",\"contentUrl\":\"https:\\\/\\\/martinezsanzabogados.com\\\/wp-content\\\/uploads\\\/2021\\\/10\\\/Logo-Martinez-Sanz.png\",\"width\":350,\"height\":166,\"caption\":\"Mart\u00ednez Sanz Abogados\"},\"image\":{\"@id\":\"https:\\\/\\\/martinezsanzabogados.com\\\/#\\\/schema\\\/logo\\\/image\\\/\"},\"sameAs\":[\"https:\\\/\\\/www.facebook.com\\\/martinezsanzabogados\"]},{\"@type\":\"Person\",\"@id\":\"https:\\\/\\\/martinezsanzabogados.com\\\/#\\\/schema\\\/person\\\/869a99c54e428fcd47fa53eab44e8379\",\"name\":\"Fernando Mart\u00ednez Sanz\",\"image\":{\"@type\":\"ImageObject\",\"inLanguage\":\"en-GB\",\"@id\":\"https:\\\/\\\/secure.gravatar.com\\\/avatar\\\/c42cdc64dc77e92dcbf5a0ee7ac0a78ac6f21dee78166ff10da4e1bfc8e994e7?s=96&d=mm&r=g\",\"url\":\"https:\\\/\\\/secure.gravatar.com\\\/avatar\\\/c42cdc64dc77e92dcbf5a0ee7ac0a78ac6f21dee78166ff10da4e1bfc8e994e7?s=96&d=mm&r=g\",\"contentUrl\":\"https:\\\/\\\/secure.gravatar.com\\\/avatar\\\/c42cdc64dc77e92dcbf5a0ee7ac0a78ac6f21dee78166ff10da4e1bfc8e994e7?s=96&d=mm&r=g\",\"caption\":\"Fernando Mart\u00ednez Sanz\"},\"description\":\"Doctor en Derecho por la Universidad de Alcal\u00e1 de Henares con la m\u00e1xima calificaci\u00f3n. Premio Extraordinario de Doctorado. Desde 2001 es Catedr\u00e1tico de Derecho Mercantil en la Universitat Jaume I de Castell\u00f3n. Vocal de la Secci\u00f3n Especial de la Comisi\u00f3n General de Codificaci\u00f3n para la reforma del C\u00f3digo de Comercio en materia de contrato de transporte de mercanc\u00edas. Ha impartido multitud de conferencias y cursos en Universidades, Centros y Colegios Profesionales, tanto en Espa\u00f1a como en el extranjero, y es \u00e1rbitro de la Corte de Arbitraje de la C\u00e1mara de Comercio de Castell\u00f3n y Valencia. Es autor de diversos art\u00edculos en revistas jur\u00eddicas nacionales y extranjeras (alemanas e italianas), as\u00ed como de varias monograf\u00edas y publicaciones, tanto en materia de Derecho Mercantil, como en Derecho societario, concursal y de planes de reestructuraci\u00f3n. Tiene una vasta experiencia profesional como administrador concursal en m\u00e1s de 150 procedimientos, habiendo intervenido en diversos procesos de venta de unidades productivas\",\"sameAs\":[\"https:\\\/\\\/www.linkedin.com\\\/in\\\/fernando-martnez-sanz-00819641\"],\"url\":\"https:\\\/\\\/martinezsanzabogados.com\\\/en\\\/author\\\/admin\\\/\"}]}<\/script>\n<!-- \/ Yoast SEO plugin. -->","yoast_head_json":{"title":"\u00bfQu\u00e9 es la operaci\u00f3n acorde\u00f3n? - Mart\u00ednez Sanz Abogados","description":"La operaci\u00f3n acorde\u00f3n es una operaci\u00f3n societaria especial que consiste en una reducci\u00f3n y ampliaci\u00f3n de capital simult\u00e1neas. Conoce sus caracter\u00edsticas.","robots":{"index":"index","follow":"follow","max-snippet":"max-snippet:-1","max-image-preview":"max-image-preview:large","max-video-preview":"max-video-preview:-1"},"canonical":"https:\/\/martinezsanzabogados.com\/en\/que-es-la-operacion-acordeon\/","og_locale":"en_GB","og_type":"article","og_title":"\u00bfQu\u00e9 es la operaci\u00f3n acorde\u00f3n? - Mart\u00ednez Sanz Abogados","og_description":"La operaci\u00f3n acorde\u00f3n es una operaci\u00f3n societaria especial que consiste en una reducci\u00f3n y ampliaci\u00f3n de capital simult\u00e1neas. Conoce sus caracter\u00edsticas.","og_url":"https:\/\/martinezsanzabogados.com\/en\/que-es-la-operacion-acordeon\/","og_site_name":"Mart\u00ednez Sanz Abogados","article_publisher":"https:\/\/www.facebook.com\/martinezsanzabogados","article_published_time":"2019-10-23T05:13:27+00:00","article_modified_time":"2023-09-08T12:11:18+00:00","og_image":[{"width":1920,"height":1280,"url":"https:\/\/martinezsanzabogados.com\/wp-content\/uploads\/2019\/10\/MARTINEZ.SANZ-ABOGADOS-OPERACION-ACORDEON-scaled.jpg","type":"image\/jpeg"}],"author":"Fernando Mart\u00ednez Sanz","twitter_card":"summary_large_image","twitter_misc":{"Written by":"Fernando Mart\u00ednez Sanz","Estimated reading time":"3 minutes"},"schema":{"@context":"https:\/\/schema.org","@graph":[{"@type":"Article","@id":"https:\/\/martinezsanzabogados.com\/que-es-la-operacion-acordeon\/#article","isPartOf":{"@id":"https:\/\/martinezsanzabogados.com\/que-es-la-operacion-acordeon\/"},"author":{"name":"Fernando Mart\u00ednez Sanz","@id":"https:\/\/martinezsanzabogados.com\/#\/schema\/person\/869a99c54e428fcd47fa53eab44e8379"},"headline":"\u00bfQu\u00e9 es la operaci\u00f3n acorde\u00f3n?","datePublished":"2019-10-23T05:13:27+00:00","dateModified":"2023-09-08T12:11:18+00:00","mainEntityOfPage":{"@id":"https:\/\/martinezsanzabogados.com\/que-es-la-operacion-acordeon\/"},"wordCount":521,"commentCount":0,"publisher":{"@id":"https:\/\/martinezsanzabogados.com\/#organization"},"image":{"@id":"https:\/\/martinezsanzabogados.com\/que-es-la-operacion-acordeon\/#primaryimage"},"thumbnailUrl":"https:\/\/martinezsanzabogados.com\/wp-content\/uploads\/2019\/10\/MARTINEZ.SANZ-ABOGADOS-OPERACION-ACORDEON-scaled.jpg","keywords":["derecho mercantil","legislaci\u00f3n","operaci\u00f3n acorde\u00f3n","Sociedades"],"articleSection":["Informaci\u00f3n de inter\u00e9s"],"inLanguage":"en-GB","potentialAction":[{"@type":"CommentAction","name":"Comment","target":["https:\/\/martinezsanzabogados.com\/que-es-la-operacion-acordeon\/#respond"]}]},{"@type":"WebPage","@id":"https:\/\/martinezsanzabogados.com\/que-es-la-operacion-acordeon\/","url":"https:\/\/martinezsanzabogados.com\/que-es-la-operacion-acordeon\/","name":"\u00bfQu\u00e9 es la operaci\u00f3n acorde\u00f3n? - Mart\u00ednez Sanz Abogados","isPartOf":{"@id":"https:\/\/martinezsanzabogados.com\/#website"},"primaryImageOfPage":{"@id":"https:\/\/martinezsanzabogados.com\/que-es-la-operacion-acordeon\/#primaryimage"},"image":{"@id":"https:\/\/martinezsanzabogados.com\/que-es-la-operacion-acordeon\/#primaryimage"},"thumbnailUrl":"https:\/\/martinezsanzabogados.com\/wp-content\/uploads\/2019\/10\/MARTINEZ.SANZ-ABOGADOS-OPERACION-ACORDEON-scaled.jpg","datePublished":"2019-10-23T05:13:27+00:00","dateModified":"2023-09-08T12:11:18+00:00","description":"La operaci\u00f3n acorde\u00f3n es una operaci\u00f3n societaria especial que consiste en una reducci\u00f3n y ampliaci\u00f3n de capital simult\u00e1neas. Conoce sus caracter\u00edsticas.","breadcrumb":{"@id":"https:\/\/martinezsanzabogados.com\/que-es-la-operacion-acordeon\/#breadcrumb"},"inLanguage":"en-GB","potentialAction":[{"@type":"ReadAction","target":["https:\/\/martinezsanzabogados.com\/que-es-la-operacion-acordeon\/"]}]},{"@type":"ImageObject","inLanguage":"en-GB","@id":"https:\/\/martinezsanzabogados.com\/que-es-la-operacion-acordeon\/#primaryimage","url":"https:\/\/martinezsanzabogados.com\/wp-content\/uploads\/2019\/10\/MARTINEZ.SANZ-ABOGADOS-OPERACION-ACORDEON-scaled.jpg","contentUrl":"https:\/\/martinezsanzabogados.com\/wp-content\/uploads\/2019\/10\/MARTINEZ.SANZ-ABOGADOS-OPERACION-ACORDEON-scaled.jpg","width":1920,"height":1280,"caption":"MARTINEZ.SANZ ABOGADOS OPERACION ACORDEON"},{"@type":"BreadcrumbList","@id":"https:\/\/martinezsanzabogados.com\/que-es-la-operacion-acordeon\/#breadcrumb","itemListElement":[{"@type":"ListItem","position":1,"name":"Portada","item":"https:\/\/martinezsanzabogados.com\/"},{"@type":"ListItem","position":2,"name":"\u00bfQu\u00e9 es la operaci\u00f3n acorde\u00f3n?"}]},{"@type":"WebSite","@id":"https:\/\/martinezsanzabogados.com\/#website","url":"https:\/\/martinezsanzabogados.com\/","name":"Mart\u00ednez Sanz Lawyers","description":"","publisher":{"@id":"https:\/\/martinezsanzabogados.com\/#organization"},"potentialAction":[{"@type":"SearchAction","target":{"@type":"EntryPoint","urlTemplate":"https:\/\/martinezsanzabogados.com\/?s={search_term_string}"},"query-input":{"@type":"PropertyValueSpecification","valueRequired":true,"valueName":"search_term_string"}}],"inLanguage":"en-GB"},{"@type":"Organization","@id":"https:\/\/martinezsanzabogados.com\/#organization","name":"Mart\u00ednez Sanz Lawyers","url":"https:\/\/martinezsanzabogados.com\/","logo":{"@type":"ImageObject","inLanguage":"en-GB","@id":"https:\/\/martinezsanzabogados.com\/#\/schema\/logo\/image\/","url":"https:\/\/martinezsanzabogados.com\/wp-content\/uploads\/2021\/10\/Logo-Martinez-Sanz.png","contentUrl":"https:\/\/martinezsanzabogados.com\/wp-content\/uploads\/2021\/10\/Logo-Martinez-Sanz.png","width":350,"height":166,"caption":"Mart\u00ednez Sanz Abogados"},"image":{"@id":"https:\/\/martinezsanzabogados.com\/#\/schema\/logo\/image\/"},"sameAs":["https:\/\/www.facebook.com\/martinezsanzabogados"]},{"@type":"Person","@id":"https:\/\/martinezsanzabogados.com\/#\/schema\/person\/869a99c54e428fcd47fa53eab44e8379","name":"Fernando Mart\u00ednez Sanz","image":{"@type":"ImageObject","inLanguage":"en-GB","@id":"https:\/\/secure.gravatar.com\/avatar\/c42cdc64dc77e92dcbf5a0ee7ac0a78ac6f21dee78166ff10da4e1bfc8e994e7?s=96&d=mm&r=g","url":"https:\/\/secure.gravatar.com\/avatar\/c42cdc64dc77e92dcbf5a0ee7ac0a78ac6f21dee78166ff10da4e1bfc8e994e7?s=96&d=mm&r=g","contentUrl":"https:\/\/secure.gravatar.com\/avatar\/c42cdc64dc77e92dcbf5a0ee7ac0a78ac6f21dee78166ff10da4e1bfc8e994e7?s=96&d=mm&r=g","caption":"Fernando Mart\u00ednez Sanz"},"description":"PhD in Law from the University of Alcal\u00e1 de Henares with the highest qualification. Extraordinary Doctorate Award. Since 2001 he has been Professor of Commercial Law at the Universitat Jaume I in Castell\u00f3n. Member of the Special Section of the General Codification Commission for the reform of the Commercial Code in the field of the contract of carriage of goods. He has given many lectures and courses at Universities, Centres and Professional Associations, both in Spain and abroad, and is an arbitrator at the Court of Arbitration of the Chamber of Commerce of Castell\u00f3n and Valencia. He is the author of several articles in national and foreign legal journals (German and Italian), as well as of several monographs and publications, both on commercial law, corporate law, insolvency law and restructuring plans. He has extensive professional experience as an insolvency administrator in more than 150 insolvency proceedings, having been involved in several sales of production units.","sameAs":["https:\/\/www.linkedin.com\/in\/fernando-martnez-sanz-00819641"],"url":"https:\/\/martinezsanzabogados.com\/en\/author\/admin\/"}]}},"_links":{"self":[{"href":"https:\/\/martinezsanzabogados.com\/en\/wp-json\/wp\/v2\/posts\/5901","targetHints":{"allow":["GET"]}}],"collection":[{"href":"https:\/\/martinezsanzabogados.com\/en\/wp-json\/wp\/v2\/posts"}],"about":[{"href":"https:\/\/martinezsanzabogados.com\/en\/wp-json\/wp\/v2\/types\/post"}],"author":[{"embeddable":true,"href":"https:\/\/martinezsanzabogados.com\/en\/wp-json\/wp\/v2\/users\/5"}],"replies":[{"embeddable":true,"href":"https:\/\/martinezsanzabogados.com\/en\/wp-json\/wp\/v2\/comments?post=5901"}],"version-history":[{"count":0,"href":"https:\/\/martinezsanzabogados.com\/en\/wp-json\/wp\/v2\/posts\/5901\/revisions"}],"wp:featuredmedia":[{"embeddable":true,"href":"https:\/\/martinezsanzabogados.com\/en\/wp-json\/wp\/v2\/media\/5902"}],"wp:attachment":[{"href":"https:\/\/martinezsanzabogados.com\/en\/wp-json\/wp\/v2\/media?parent=5901"}],"wp:term":[{"taxonomy":"category","embeddable":true,"href":"https:\/\/martinezsanzabogados.com\/en\/wp-json\/wp\/v2\/categories?post=5901"},{"taxonomy":"post_tag","embeddable":true,"href":"https:\/\/martinezsanzabogados.com\/en\/wp-json\/wp\/v2\/tags?post=5901"}],"curies":[{"name":"wp","href":"https:\/\/api.w.org\/{rel}","templated":true}]}}