{"id":5744,"date":"2019-06-12T07:51:28","date_gmt":"2019-06-12T05:51:28","guid":{"rendered":"http:\/\/martinezsanzabogados.com\/?p=5744"},"modified":"2023-09-08T14:35:40","modified_gmt":"2023-09-08T12:35:40","slug":"que-acuerdos-sociales-son-impugnables","status":"publish","type":"post","link":"https:\/\/martinezsanzabogados.com\/en\/que-acuerdos-sociales-son-impugnables\/","title":{"rendered":"\u00bfQu\u00e9 acuerdos sociales son impugnables?"},"content":{"rendered":"<h1><span style=\"font-weight: 400;\">\u00bfQu\u00e9 acuerdos sociales son impugnables?<\/span><\/h1>\n<h2><span style=\"font-weight: 400;\">\u00bfQui\u00e9nes tienen el derecho a impugnar estos acuerdos?<\/span><\/h2>\n<p><span style=\"font-weight: 400;\">La impugnaci\u00f3n de los acuerdos sociales es un tema que cada vez est\u00e1 m\u00e1s presente en el \u00e1mbito mercantil. Desde Mart\u00ednez Sanz Abogados queremos aclarar este concepto. <\/span><\/p>\n<p><span style=\"font-weight: 400;\">Se trata de un t\u00e9rmino que viene regulado en la Ley de Sociedades de Capital. \u00c9sta ha introducido notorios cambios en lo referido a esta materia, unificando todos los casos de impugnaci\u00f3n bajo un r\u00e9gimen general de anulaci\u00f3n<\/span><\/p>\n<h3><strong>\u00bfEn qu\u00e9 ocasiones son impugnables los acuerdos sociales?<\/strong><\/h3>\n<p><span style=\"font-weight: 400;\">Seg\u00fan el apartado 1 del art\u00edculo 204.1 de la Ley de Sociedades de Capital, \u00abson impugnables los acuerdos sociales que sean contrarios a la Ley, se opongan a los estatutos o al reglamento de la junta de la sociedad o lesionen el inter\u00e9s social en beneficio de uno o varios socios o de terceros\u201d. El inter\u00e9s social queda lesionado cuando un acuerdo es impuesto de manera abusiva por la mayor\u00eda en beneficio propio y en perjuicio injustificado de los dem\u00e1s socios.<\/span><\/p>\n<p>&nbsp;<\/p>\n<p><span style=\"font-weight: 400;\">Los mencionados acuerdos derivan de decisiones tomadas en \u00f3rganos colegiados compuestos por una pluralidad de personas. Estos \u00f3rganos adoptan sus decisiones por el acuerdo mayoritario de sus miembros ya sea mayor\u00eda simple o cualificada, en funci\u00f3n de lo establecido en los estatutos.<\/span><\/p>\n<p>&nbsp;<\/p>\n<p><span style=\"font-weight: 400;\">Estos \u00f3rganos son la Junta General y el Consejo de Administraci\u00f3n. La Junta es un \u00f3rgano obligatorio, que solo queda excluido en los casos donde la sociedad tenga un \u00fanico socio. El Consejo de Administraci\u00f3n es un \u00f3rgano que solo existir\u00e1 cuando as\u00ed lo decida la Junta, optando por \u00e9l, dentro de los distintos m\u00e9todos para organizar una sociedad.<\/span><\/p>\n<h3><span style=\"font-weight: 400;\">\u00bfCu\u00e1l es el requisito para poder impugnar los acuerdos sociales?<\/span><\/h3>\n<p><span style=\"font-weight: 400;\">Sin embargo, no todos los miembros de una organizaci\u00f3n est\u00e1n legitimados para poder presentar una impugnaci\u00f3n. Seg\u00fan viene reflejado en el art\u00edculo <\/span><a href=\"https:\/\/www.iberley.es\/legislacion\/rdleg-1-2010-2-jul-tr-ley-sociedades-capital-7918150?ancla=130603#ancla_130603\"><span style=\"font-weight: 400;\">206<\/span><\/a><span style=\"font-weight: 400;\"> de la <\/span><a href=\"https:\/\/www.iberley.es\/legislacion\/rdleg-1-2010-2-jul-tr-ley-sociedades-capital-7918150\"><span style=\"font-weight: 400;\">LSC<\/span><\/a><span style=\"font-weight: 400;\"> pueden realizar dicha acci\u00f3n:<\/span><\/p>\n<ul>\n<li style=\"font-weight: 400;\"><span style=\"font-weight: 400;\">Cualquiera de los administradores de la empresa.<\/span><\/li>\n<li style=\"font-weight: 400;\"><span style=\"font-weight: 400;\">Cualquier tercero que acredite un inter\u00e9s leg\u00edtimo. Se entiende por inter\u00e9s leg\u00edtimo cuando puede verse afectado por efectos ulteriores sobre sus derechos personales, sociales o patrimoniales.<\/span><\/li>\n<li style=\"font-weight: 400;\"><span style=\"font-weight: 400;\">Cualquier socio que hubiera adquirido tal condici\u00f3n antes de la adopci\u00f3n del acuerdo. Siempre que represente, individual o conjuntamente, al menos el 1% del capital.<\/span><\/li>\n<\/ul>\n<p><span style=\"font-weight: 400;\">Por su parte, para impugnar acuerdos \u00a0contrarios al orden p\u00fablico estar\u00e1n legitimados cualquier socio (aunque no llegue al 1% del capital social), administrador o tercero (sin inter\u00e9s leg\u00edtimo).<\/span><\/p>\n<p>&nbsp;<\/p>","protected":false},"excerpt":{"rendered":"<p>\u00bfQu\u00e9 acuerdos sociales son impugnables? \u00bfQui\u00e9nes tienen el derecho a impugnar estos acuerdos? La impugnaci\u00f3n de los acuerdos sociales es un tema que cada vez est\u00e1 m\u00e1s presente en el \u00e1mbito mercantil. Desde Mart\u00ednez Sanz Abogados queremos aclarar este concepto. Se trata de un t\u00e9rmino que viene regulado en la Ley de Sociedades de Capital. [&hellip;]<\/p>","protected":false},"author":5,"featured_media":5745,"comment_status":"open","ping_status":"closed","sticky":false,"template":"","format":"standard","meta":{"footnotes":""},"categories":[710],"tags":[56,307],"class_list":["post-5744","post","type-post","status-publish","format-standard","has-post-thumbnail","hentry","category-informacion-de-interes","tag-acuerdos-sociales","tag-sociedades"],"yoast_head":"<!-- This site is optimized with the Yoast SEO plugin v27.4 - https:\/\/yoast.com\/product\/yoast-seo-wordpress\/ -->\n<title>\u00bfQu\u00e9 acuerdos sociales son impugnables? Martinez Sanz Abogados<\/title>\n<meta name=\"description\" content=\"La impugnaci\u00f3n de los acuerdos sociales es un tema que cada vez est\u00e1 m\u00e1s presente en el \u00e1mbito mercantil y desde Mart\u00ednez Sanz Abogados queremos aclarar este concepto.\" \/>\n<meta name=\"robots\" content=\"index, follow, max-snippet:-1, max-image-preview:large, max-video-preview:-1\" \/>\n<link rel=\"canonical\" href=\"https:\/\/martinezsanzabogados.com\/en\/que-acuerdos-sociales-son-impugnables\/\" \/>\n<meta property=\"og:locale\" content=\"en_GB\" \/>\n<meta property=\"og:type\" content=\"article\" \/>\n<meta property=\"og:title\" content=\"\u00bfQu\u00e9 acuerdos sociales son impugnables? Martinez Sanz Abogados\" \/>\n<meta property=\"og:description\" content=\"La impugnaci\u00f3n de los acuerdos sociales es un tema que cada vez est\u00e1 m\u00e1s presente en el \u00e1mbito mercantil y desde Mart\u00ednez Sanz Abogados queremos aclarar este concepto.\" \/>\n<meta property=\"og:url\" content=\"https:\/\/martinezsanzabogados.com\/en\/que-acuerdos-sociales-son-impugnables\/\" \/>\n<meta property=\"og:site_name\" content=\"Mart\u00ednez Sanz Abogados\" \/>\n<meta property=\"article:publisher\" content=\"https:\/\/www.facebook.com\/martinezsanzabogados\" \/>\n<meta property=\"article:published_time\" content=\"2019-06-12T05:51:28+00:00\" \/>\n<meta property=\"article:modified_time\" content=\"2023-09-08T12:35:40+00:00\" \/>\n<meta property=\"og:image\" content=\"https:\/\/martinezsanzabogados.com\/wp-content\/uploads\/2019\/06\/que-acuerdos-sociales-son-impugnables.jpg\" \/>\n\t<meta property=\"og:image:width\" content=\"960\" \/>\n\t<meta property=\"og:image:height\" content=\"641\" \/>\n\t<meta property=\"og:image:type\" content=\"image\/jpeg\" \/>\n<meta name=\"author\" content=\"Fernando Mart\u00ednez Sanz\" \/>\n<meta name=\"twitter:card\" content=\"summary_large_image\" \/>\n<meta name=\"twitter:label1\" content=\"Written by\" \/>\n\t<meta name=\"twitter:data1\" content=\"Fernando Mart\u00ednez Sanz\" \/>\n\t<meta name=\"twitter:label2\" content=\"Estimated reading time\" \/>\n\t<meta name=\"twitter:data2\" content=\"2 minutes\" \/>\n<script type=\"application\/ld+json\" class=\"yoast-schema-graph\">{\"@context\":\"https:\\\/\\\/schema.org\",\"@graph\":[{\"@type\":\"Article\",\"@id\":\"https:\\\/\\\/martinezsanzabogados.com\\\/que-acuerdos-sociales-son-impugnables\\\/#article\",\"isPartOf\":{\"@id\":\"https:\\\/\\\/martinezsanzabogados.com\\\/que-acuerdos-sociales-son-impugnables\\\/\"},\"author\":{\"name\":\"Fernando Mart\u00ednez Sanz\",\"@id\":\"https:\\\/\\\/martinezsanzabogados.com\\\/#\\\/schema\\\/person\\\/869a99c54e428fcd47fa53eab44e8379\"},\"headline\":\"\u00bfQu\u00e9 acuerdos sociales son impugnables?\",\"datePublished\":\"2019-06-12T05:51:28+00:00\",\"dateModified\":\"2023-09-08T12:35:40+00:00\",\"mainEntityOfPage\":{\"@id\":\"https:\\\/\\\/martinezsanzabogados.com\\\/que-acuerdos-sociales-son-impugnables\\\/\"},\"wordCount\":433,\"commentCount\":0,\"publisher\":{\"@id\":\"https:\\\/\\\/martinezsanzabogados.com\\\/#organization\"},\"image\":{\"@id\":\"https:\\\/\\\/martinezsanzabogados.com\\\/que-acuerdos-sociales-son-impugnables\\\/#primaryimage\"},\"thumbnailUrl\":\"https:\\\/\\\/martinezsanzabogados.com\\\/wp-content\\\/uploads\\\/2019\\\/06\\\/que-acuerdos-sociales-son-impugnables.jpg\",\"keywords\":[\"acuerdos sociales\",\"Sociedades\"],\"articleSection\":[\"Informaci\u00f3n de inter\u00e9s\"],\"inLanguage\":\"en-GB\",\"potentialAction\":[{\"@type\":\"CommentAction\",\"name\":\"Comment\",\"target\":[\"https:\\\/\\\/martinezsanzabogados.com\\\/que-acuerdos-sociales-son-impugnables\\\/#respond\"]}]},{\"@type\":\"WebPage\",\"@id\":\"https:\\\/\\\/martinezsanzabogados.com\\\/que-acuerdos-sociales-son-impugnables\\\/\",\"url\":\"https:\\\/\\\/martinezsanzabogados.com\\\/que-acuerdos-sociales-son-impugnables\\\/\",\"name\":\"\u00bfQu\u00e9 acuerdos sociales son impugnables? Martinez Sanz Abogados\",\"isPartOf\":{\"@id\":\"https:\\\/\\\/martinezsanzabogados.com\\\/#website\"},\"primaryImageOfPage\":{\"@id\":\"https:\\\/\\\/martinezsanzabogados.com\\\/que-acuerdos-sociales-son-impugnables\\\/#primaryimage\"},\"image\":{\"@id\":\"https:\\\/\\\/martinezsanzabogados.com\\\/que-acuerdos-sociales-son-impugnables\\\/#primaryimage\"},\"thumbnailUrl\":\"https:\\\/\\\/martinezsanzabogados.com\\\/wp-content\\\/uploads\\\/2019\\\/06\\\/que-acuerdos-sociales-son-impugnables.jpg\",\"datePublished\":\"2019-06-12T05:51:28+00:00\",\"dateModified\":\"2023-09-08T12:35:40+00:00\",\"description\":\"La impugnaci\u00f3n de los acuerdos sociales es un tema que cada vez est\u00e1 m\u00e1s presente en el \u00e1mbito mercantil y desde Mart\u00ednez Sanz Abogados queremos aclarar este concepto.\",\"breadcrumb\":{\"@id\":\"https:\\\/\\\/martinezsanzabogados.com\\\/que-acuerdos-sociales-son-impugnables\\\/#breadcrumb\"},\"inLanguage\":\"en-GB\",\"potentialAction\":[{\"@type\":\"ReadAction\",\"target\":[\"https:\\\/\\\/martinezsanzabogados.com\\\/que-acuerdos-sociales-son-impugnables\\\/\"]}]},{\"@type\":\"ImageObject\",\"inLanguage\":\"en-GB\",\"@id\":\"https:\\\/\\\/martinezsanzabogados.com\\\/que-acuerdos-sociales-son-impugnables\\\/#primaryimage\",\"url\":\"https:\\\/\\\/martinezsanzabogados.com\\\/wp-content\\\/uploads\\\/2019\\\/06\\\/que-acuerdos-sociales-son-impugnables.jpg\",\"contentUrl\":\"https:\\\/\\\/martinezsanzabogados.com\\\/wp-content\\\/uploads\\\/2019\\\/06\\\/que-acuerdos-sociales-son-impugnables.jpg\",\"width\":960,\"height\":641,\"caption\":\"que acuerdos sociales son impugnables\"},{\"@type\":\"BreadcrumbList\",\"@id\":\"https:\\\/\\\/martinezsanzabogados.com\\\/que-acuerdos-sociales-son-impugnables\\\/#breadcrumb\",\"itemListElement\":[{\"@type\":\"ListItem\",\"position\":1,\"name\":\"Portada\",\"item\":\"https:\\\/\\\/martinezsanzabogados.com\\\/\"},{\"@type\":\"ListItem\",\"position\":2,\"name\":\"\u00bfQu\u00e9 acuerdos sociales son impugnables?\"}]},{\"@type\":\"WebSite\",\"@id\":\"https:\\\/\\\/martinezsanzabogados.com\\\/#website\",\"url\":\"https:\\\/\\\/martinezsanzabogados.com\\\/\",\"name\":\"Mart\u00ednez Sanz Abogados\",\"description\":\"\",\"publisher\":{\"@id\":\"https:\\\/\\\/martinezsanzabogados.com\\\/#organization\"},\"potentialAction\":[{\"@type\":\"SearchAction\",\"target\":{\"@type\":\"EntryPoint\",\"urlTemplate\":\"https:\\\/\\\/martinezsanzabogados.com\\\/?s={search_term_string}\"},\"query-input\":{\"@type\":\"PropertyValueSpecification\",\"valueRequired\":true,\"valueName\":\"search_term_string\"}}],\"inLanguage\":\"en-GB\"},{\"@type\":\"Organization\",\"@id\":\"https:\\\/\\\/martinezsanzabogados.com\\\/#organization\",\"name\":\"Mart\u00ednez Sanz Abogados\",\"url\":\"https:\\\/\\\/martinezsanzabogados.com\\\/\",\"logo\":{\"@type\":\"ImageObject\",\"inLanguage\":\"en-GB\",\"@id\":\"https:\\\/\\\/martinezsanzabogados.com\\\/#\\\/schema\\\/logo\\\/image\\\/\",\"url\":\"https:\\\/\\\/martinezsanzabogados.com\\\/wp-content\\\/uploads\\\/2021\\\/10\\\/Logo-Martinez-Sanz.png\",\"contentUrl\":\"https:\\\/\\\/martinezsanzabogados.com\\\/wp-content\\\/uploads\\\/2021\\\/10\\\/Logo-Martinez-Sanz.png\",\"width\":350,\"height\":166,\"caption\":\"Mart\u00ednez Sanz Abogados\"},\"image\":{\"@id\":\"https:\\\/\\\/martinezsanzabogados.com\\\/#\\\/schema\\\/logo\\\/image\\\/\"},\"sameAs\":[\"https:\\\/\\\/www.facebook.com\\\/martinezsanzabogados\"]},{\"@type\":\"Person\",\"@id\":\"https:\\\/\\\/martinezsanzabogados.com\\\/#\\\/schema\\\/person\\\/869a99c54e428fcd47fa53eab44e8379\",\"name\":\"Fernando Mart\u00ednez Sanz\",\"image\":{\"@type\":\"ImageObject\",\"inLanguage\":\"en-GB\",\"@id\":\"https:\\\/\\\/secure.gravatar.com\\\/avatar\\\/c42cdc64dc77e92dcbf5a0ee7ac0a78ac6f21dee78166ff10da4e1bfc8e994e7?s=96&d=mm&r=g\",\"url\":\"https:\\\/\\\/secure.gravatar.com\\\/avatar\\\/c42cdc64dc77e92dcbf5a0ee7ac0a78ac6f21dee78166ff10da4e1bfc8e994e7?s=96&d=mm&r=g\",\"contentUrl\":\"https:\\\/\\\/secure.gravatar.com\\\/avatar\\\/c42cdc64dc77e92dcbf5a0ee7ac0a78ac6f21dee78166ff10da4e1bfc8e994e7?s=96&d=mm&r=g\",\"caption\":\"Fernando Mart\u00ednez Sanz\"},\"description\":\"Doctor en Derecho por la Universidad de Alcal\u00e1 de Henares con la m\u00e1xima calificaci\u00f3n. Premio Extraordinario de Doctorado. Desde 2001 es Catedr\u00e1tico de Derecho Mercantil en la Universitat Jaume I de Castell\u00f3n. Vocal de la Secci\u00f3n Especial de la Comisi\u00f3n General de Codificaci\u00f3n para la reforma del C\u00f3digo de Comercio en materia de contrato de transporte de mercanc\u00edas. Ha impartido multitud de conferencias y cursos en Universidades, Centros y Colegios Profesionales, tanto en Espa\u00f1a como en el extranjero, y es \u00e1rbitro de la Corte de Arbitraje de la C\u00e1mara de Comercio de Castell\u00f3n y Valencia. Es autor de diversos art\u00edculos en revistas jur\u00eddicas nacionales y extranjeras (alemanas e italianas), as\u00ed como de varias monograf\u00edas y publicaciones, tanto en materia de Derecho Mercantil, como en Derecho societario, concursal y de planes de reestructuraci\u00f3n. Tiene una vasta experiencia profesional como administrador concursal en m\u00e1s de 150 procedimientos, habiendo intervenido en diversos procesos de venta de unidades productivas\",\"sameAs\":[\"https:\\\/\\\/www.linkedin.com\\\/in\\\/fernando-martnez-sanz-00819641\"],\"url\":\"https:\\\/\\\/martinezsanzabogados.com\\\/en\\\/author\\\/admin\\\/\"}]}<\/script>\n<!-- \/ Yoast SEO plugin. -->","yoast_head_json":{"title":"\u00bfQu\u00e9 acuerdos sociales son impugnables? Martinez Sanz Abogados","description":"La impugnaci\u00f3n de los acuerdos sociales es un tema que cada vez est\u00e1 m\u00e1s presente en el \u00e1mbito mercantil y desde Mart\u00ednez Sanz Abogados queremos aclarar este concepto.","robots":{"index":"index","follow":"follow","max-snippet":"max-snippet:-1","max-image-preview":"max-image-preview:large","max-video-preview":"max-video-preview:-1"},"canonical":"https:\/\/martinezsanzabogados.com\/en\/que-acuerdos-sociales-son-impugnables\/","og_locale":"en_GB","og_type":"article","og_title":"\u00bfQu\u00e9 acuerdos sociales son impugnables? Martinez Sanz Abogados","og_description":"La impugnaci\u00f3n de los acuerdos sociales es un tema que cada vez est\u00e1 m\u00e1s presente en el \u00e1mbito mercantil y desde Mart\u00ednez Sanz Abogados queremos aclarar este concepto.","og_url":"https:\/\/martinezsanzabogados.com\/en\/que-acuerdos-sociales-son-impugnables\/","og_site_name":"Mart\u00ednez Sanz Abogados","article_publisher":"https:\/\/www.facebook.com\/martinezsanzabogados","article_published_time":"2019-06-12T05:51:28+00:00","article_modified_time":"2023-09-08T12:35:40+00:00","og_image":[{"width":960,"height":641,"url":"https:\/\/martinezsanzabogados.com\/wp-content\/uploads\/2019\/06\/que-acuerdos-sociales-son-impugnables.jpg","type":"image\/jpeg"}],"author":"Fernando Mart\u00ednez Sanz","twitter_card":"summary_large_image","twitter_misc":{"Written by":"Fernando Mart\u00ednez Sanz","Estimated reading time":"2 minutes"},"schema":{"@context":"https:\/\/schema.org","@graph":[{"@type":"Article","@id":"https:\/\/martinezsanzabogados.com\/que-acuerdos-sociales-son-impugnables\/#article","isPartOf":{"@id":"https:\/\/martinezsanzabogados.com\/que-acuerdos-sociales-son-impugnables\/"},"author":{"name":"Fernando Mart\u00ednez Sanz","@id":"https:\/\/martinezsanzabogados.com\/#\/schema\/person\/869a99c54e428fcd47fa53eab44e8379"},"headline":"\u00bfQu\u00e9 acuerdos sociales son impugnables?","datePublished":"2019-06-12T05:51:28+00:00","dateModified":"2023-09-08T12:35:40+00:00","mainEntityOfPage":{"@id":"https:\/\/martinezsanzabogados.com\/que-acuerdos-sociales-son-impugnables\/"},"wordCount":433,"commentCount":0,"publisher":{"@id":"https:\/\/martinezsanzabogados.com\/#organization"},"image":{"@id":"https:\/\/martinezsanzabogados.com\/que-acuerdos-sociales-son-impugnables\/#primaryimage"},"thumbnailUrl":"https:\/\/martinezsanzabogados.com\/wp-content\/uploads\/2019\/06\/que-acuerdos-sociales-son-impugnables.jpg","keywords":["acuerdos sociales","Sociedades"],"articleSection":["Informaci\u00f3n de inter\u00e9s"],"inLanguage":"en-GB","potentialAction":[{"@type":"CommentAction","name":"Comment","target":["https:\/\/martinezsanzabogados.com\/que-acuerdos-sociales-son-impugnables\/#respond"]}]},{"@type":"WebPage","@id":"https:\/\/martinezsanzabogados.com\/que-acuerdos-sociales-son-impugnables\/","url":"https:\/\/martinezsanzabogados.com\/que-acuerdos-sociales-son-impugnables\/","name":"\u00bfQu\u00e9 acuerdos sociales son impugnables? Martinez Sanz Abogados","isPartOf":{"@id":"https:\/\/martinezsanzabogados.com\/#website"},"primaryImageOfPage":{"@id":"https:\/\/martinezsanzabogados.com\/que-acuerdos-sociales-son-impugnables\/#primaryimage"},"image":{"@id":"https:\/\/martinezsanzabogados.com\/que-acuerdos-sociales-son-impugnables\/#primaryimage"},"thumbnailUrl":"https:\/\/martinezsanzabogados.com\/wp-content\/uploads\/2019\/06\/que-acuerdos-sociales-son-impugnables.jpg","datePublished":"2019-06-12T05:51:28+00:00","dateModified":"2023-09-08T12:35:40+00:00","description":"La impugnaci\u00f3n de los acuerdos sociales es un tema que cada vez est\u00e1 m\u00e1s presente en el \u00e1mbito mercantil y desde Mart\u00ednez Sanz Abogados queremos aclarar este concepto.","breadcrumb":{"@id":"https:\/\/martinezsanzabogados.com\/que-acuerdos-sociales-son-impugnables\/#breadcrumb"},"inLanguage":"en-GB","potentialAction":[{"@type":"ReadAction","target":["https:\/\/martinezsanzabogados.com\/que-acuerdos-sociales-son-impugnables\/"]}]},{"@type":"ImageObject","inLanguage":"en-GB","@id":"https:\/\/martinezsanzabogados.com\/que-acuerdos-sociales-son-impugnables\/#primaryimage","url":"https:\/\/martinezsanzabogados.com\/wp-content\/uploads\/2019\/06\/que-acuerdos-sociales-son-impugnables.jpg","contentUrl":"https:\/\/martinezsanzabogados.com\/wp-content\/uploads\/2019\/06\/que-acuerdos-sociales-son-impugnables.jpg","width":960,"height":641,"caption":"que acuerdos sociales son impugnables"},{"@type":"BreadcrumbList","@id":"https:\/\/martinezsanzabogados.com\/que-acuerdos-sociales-son-impugnables\/#breadcrumb","itemListElement":[{"@type":"ListItem","position":1,"name":"Portada","item":"https:\/\/martinezsanzabogados.com\/"},{"@type":"ListItem","position":2,"name":"\u00bfQu\u00e9 acuerdos sociales son impugnables?"}]},{"@type":"WebSite","@id":"https:\/\/martinezsanzabogados.com\/#website","url":"https:\/\/martinezsanzabogados.com\/","name":"Mart\u00ednez Sanz Lawyers","description":"","publisher":{"@id":"https:\/\/martinezsanzabogados.com\/#organization"},"potentialAction":[{"@type":"SearchAction","target":{"@type":"EntryPoint","urlTemplate":"https:\/\/martinezsanzabogados.com\/?s={search_term_string}"},"query-input":{"@type":"PropertyValueSpecification","valueRequired":true,"valueName":"search_term_string"}}],"inLanguage":"en-GB"},{"@type":"Organization","@id":"https:\/\/martinezsanzabogados.com\/#organization","name":"Mart\u00ednez Sanz Lawyers","url":"https:\/\/martinezsanzabogados.com\/","logo":{"@type":"ImageObject","inLanguage":"en-GB","@id":"https:\/\/martinezsanzabogados.com\/#\/schema\/logo\/image\/","url":"https:\/\/martinezsanzabogados.com\/wp-content\/uploads\/2021\/10\/Logo-Martinez-Sanz.png","contentUrl":"https:\/\/martinezsanzabogados.com\/wp-content\/uploads\/2021\/10\/Logo-Martinez-Sanz.png","width":350,"height":166,"caption":"Mart\u00ednez Sanz Abogados"},"image":{"@id":"https:\/\/martinezsanzabogados.com\/#\/schema\/logo\/image\/"},"sameAs":["https:\/\/www.facebook.com\/martinezsanzabogados"]},{"@type":"Person","@id":"https:\/\/martinezsanzabogados.com\/#\/schema\/person\/869a99c54e428fcd47fa53eab44e8379","name":"Fernando Mart\u00ednez Sanz","image":{"@type":"ImageObject","inLanguage":"en-GB","@id":"https:\/\/secure.gravatar.com\/avatar\/c42cdc64dc77e92dcbf5a0ee7ac0a78ac6f21dee78166ff10da4e1bfc8e994e7?s=96&d=mm&r=g","url":"https:\/\/secure.gravatar.com\/avatar\/c42cdc64dc77e92dcbf5a0ee7ac0a78ac6f21dee78166ff10da4e1bfc8e994e7?s=96&d=mm&r=g","contentUrl":"https:\/\/secure.gravatar.com\/avatar\/c42cdc64dc77e92dcbf5a0ee7ac0a78ac6f21dee78166ff10da4e1bfc8e994e7?s=96&d=mm&r=g","caption":"Fernando Mart\u00ednez Sanz"},"description":"PhD in Law from the University of Alcal\u00e1 de Henares with the highest qualification. Extraordinary Doctorate Award. Since 2001 he has been Professor of Commercial Law at the Universitat Jaume I in Castell\u00f3n. Member of the Special Section of the General Codification Commission for the reform of the Commercial Code in the field of the contract of carriage of goods. He has given many lectures and courses at Universities, Centres and Professional Associations, both in Spain and abroad, and is an arbitrator at the Court of Arbitration of the Chamber of Commerce of Castell\u00f3n and Valencia. He is the author of several articles in national and foreign legal journals (German and Italian), as well as of several monographs and publications, both on commercial law, corporate law, insolvency law and restructuring plans. He has extensive professional experience as an insolvency administrator in more than 150 insolvency proceedings, having been involved in several sales of production units.","sameAs":["https:\/\/www.linkedin.com\/in\/fernando-martnez-sanz-00819641"],"url":"https:\/\/martinezsanzabogados.com\/en\/author\/admin\/"}]}},"_links":{"self":[{"href":"https:\/\/martinezsanzabogados.com\/en\/wp-json\/wp\/v2\/posts\/5744","targetHints":{"allow":["GET"]}}],"collection":[{"href":"https:\/\/martinezsanzabogados.com\/en\/wp-json\/wp\/v2\/posts"}],"about":[{"href":"https:\/\/martinezsanzabogados.com\/en\/wp-json\/wp\/v2\/types\/post"}],"author":[{"embeddable":true,"href":"https:\/\/martinezsanzabogados.com\/en\/wp-json\/wp\/v2\/users\/5"}],"replies":[{"embeddable":true,"href":"https:\/\/martinezsanzabogados.com\/en\/wp-json\/wp\/v2\/comments?post=5744"}],"version-history":[{"count":0,"href":"https:\/\/martinezsanzabogados.com\/en\/wp-json\/wp\/v2\/posts\/5744\/revisions"}],"wp:featuredmedia":[{"embeddable":true,"href":"https:\/\/martinezsanzabogados.com\/en\/wp-json\/wp\/v2\/media\/5745"}],"wp:attachment":[{"href":"https:\/\/martinezsanzabogados.com\/en\/wp-json\/wp\/v2\/media?parent=5744"}],"wp:term":[{"taxonomy":"category","embeddable":true,"href":"https:\/\/martinezsanzabogados.com\/en\/wp-json\/wp\/v2\/categories?post=5744"},{"taxonomy":"post_tag","embeddable":true,"href":"https:\/\/martinezsanzabogados.com\/en\/wp-json\/wp\/v2\/tags?post=5744"}],"curies":[{"name":"wp","href":"https:\/\/api.w.org\/{rel}","templated":true}]}}