{"id":10681,"date":"2023-11-17T15:21:21","date_gmt":"2023-11-17T13:21:21","guid":{"rendered":"https:\/\/martinezsanzabogados.com\/?p=10681"},"modified":"2023-11-17T15:21:22","modified_gmt":"2023-11-17T13:21:22","slug":"laura-sanchez-has-been-recognised-in-best-lawyers-2024","status":"publish","type":"post","link":"https:\/\/martinezsanzabogados.com\/en\/laura-sanchez-has-been-recognised-in-best-lawyers-2024\/","title":{"rendered":"Laura S\u00e1nchez has been recognised for the sixth consecutive year in Best Lawyers 2024."},"content":{"rendered":"<p>We are pleased to share that Laura S\u00e1nchez, Head of our Castell\u00f3n office, has been recognised in the 2024 edition of The Best Lawyers in Spain\u2122. This year, in addition to her usual recognition in Litigation, she has been included in the Insolvency and Reorganisation Law category.<\/p>\n\n\n\n<p>This is the sixth consecutive year that Laura has been recognised by Best Lawyers, reflecting her consistent work and experience in the legal field.<\/p>\n\n\n\n<p>Best Lawyers is known for its meticulous selection process, based on peer surveys, highlighting professionalism and skill in legal practice.<\/p>\n\n\n\n<p>Congratulations, Laura!<\/p>\n\n\n\n<p>You can consult all the information <a href=\"https:\/\/www.bestlawyers.com\/\">here<\/a>.<\/p>","protected":false},"excerpt":{"rendered":"<p>Nos alegra compartir que Laura S\u00e1nchez, Directora de nuestras oficinas en Castell\u00f3n, ha sido reconocida en la edici\u00f3n 2024 de The Best Lawyers in Spain\u2122. Este a\u00f1o, adem\u00e1s de su habitual reconocimiento en Procesal, ha sido incluida en la categor\u00eda de Derecho de Insolvencia y Reorganizaci\u00f3n. Este es el sexto a\u00f1o consecutivo en que Laura [&hellip;]<\/p>","protected":false},"author":5,"featured_media":6364,"comment_status":"open","ping_status":"closed","sticky":false,"template":"","format":"standard","meta":{"footnotes":""},"categories":[708],"tags":[745],"class_list":["post-10681","post","type-post","status-publish","format-standard","has-post-thumbnail","hentry","category-actualidad-despacho","tag-best-lawyers"],"yoast_head":"<!-- This site is optimized with the Yoast SEO plugin v27.4 - https:\/\/yoast.com\/product\/yoast-seo-wordpress\/ -->\n<title>Laura S\u00e1nchez ha sido reconocida, por sexto a\u00f1o consecutivo, en Best Lawyers 2024<\/title>\n<meta name=\"description\" content=\"Laura S\u00e1nchez, Directora de nuestras oficinas en Castell\u00f3n, ha sido reconocida en la edici\u00f3n 2024 de The Best Lawyers in Spain\u2122.\" \/>\n<meta name=\"robots\" content=\"index, follow, max-snippet:-1, max-image-preview:large, max-video-preview:-1\" \/>\n<link rel=\"canonical\" href=\"https:\/\/martinezsanzabogados.com\/en\/laura-sanchez-has-been-recognised-in-best-lawyers-2024\/\" \/>\n<meta property=\"og:locale\" content=\"en_GB\" \/>\n<meta property=\"og:type\" content=\"article\" \/>\n<meta property=\"og:title\" content=\"Laura S\u00e1nchez ha sido reconocida, por sexto a\u00f1o consecutivo, en Best Lawyers 2024\" \/>\n<meta property=\"og:description\" content=\"Laura S\u00e1nchez, Directora de nuestras oficinas en Castell\u00f3n, ha sido reconocida en la edici\u00f3n 2024 de The Best Lawyers in Spain\u2122.\" \/>\n<meta property=\"og:url\" content=\"https:\/\/martinezsanzabogados.com\/en\/laura-sanchez-has-been-recognised-in-best-lawyers-2024\/\" \/>\n<meta property=\"og:site_name\" content=\"Mart\u00ednez Sanz Abogados\" \/>\n<meta property=\"article:publisher\" content=\"https:\/\/www.facebook.com\/martinezsanzabogados\" \/>\n<meta property=\"article:published_time\" content=\"2023-11-17T13:21:21+00:00\" \/>\n<meta property=\"article:modified_time\" content=\"2023-11-17T13:21:22+00:00\" \/>\n<meta property=\"og:image\" content=\"https:\/\/martinezsanzabogados.com\/wp-content\/uploads\/2021\/03\/MARTINEZSANZ-EquipoHumanoCastellon-020-scaled.jpg\" \/>\n\t<meta property=\"og:image:width\" content=\"1920\" \/>\n\t<meta property=\"og:image:height\" content=\"1280\" \/>\n\t<meta property=\"og:image:type\" content=\"image\/jpeg\" \/>\n<meta name=\"author\" content=\"Fernando Mart\u00ednez Sanz\" \/>\n<meta name=\"twitter:card\" content=\"summary_large_image\" \/>\n<meta name=\"twitter:label1\" content=\"Written by\" \/>\n\t<meta name=\"twitter:data1\" content=\"Fernando Mart\u00ednez Sanz\" \/>\n\t<meta name=\"twitter:label2\" content=\"Estimated reading time\" \/>\n\t<meta name=\"twitter:data2\" content=\"1 minute\" \/>\n<script type=\"application\/ld+json\" class=\"yoast-schema-graph\">{\"@context\":\"https:\\\/\\\/schema.org\",\"@graph\":[{\"@type\":\"Article\",\"@id\":\"https:\\\/\\\/martinezsanzabogados.com\\\/laura-sanchez-ha-sido-reconocida-en-best-lawyers-2024\\\/#article\",\"isPartOf\":{\"@id\":\"https:\\\/\\\/martinezsanzabogados.com\\\/laura-sanchez-ha-sido-reconocida-en-best-lawyers-2024\\\/\"},\"author\":{\"name\":\"Fernando Mart\u00ednez Sanz\",\"@id\":\"https:\\\/\\\/martinezsanzabogados.com\\\/#\\\/schema\\\/person\\\/869a99c54e428fcd47fa53eab44e8379\"},\"headline\":\"Laura S\u00e1nchez ha sido reconocida, por sexto a\u00f1o consecutivo, en Best Lawyers 2024\",\"datePublished\":\"2023-11-17T13:21:21+00:00\",\"dateModified\":\"2023-11-17T13:21:22+00:00\",\"mainEntityOfPage\":{\"@id\":\"https:\\\/\\\/martinezsanzabogados.com\\\/laura-sanchez-ha-sido-reconocida-en-best-lawyers-2024\\\/\"},\"wordCount\":130,\"commentCount\":0,\"publisher\":{\"@id\":\"https:\\\/\\\/martinezsanzabogados.com\\\/#organization\"},\"image\":{\"@id\":\"https:\\\/\\\/martinezsanzabogados.com\\\/laura-sanchez-ha-sido-reconocida-en-best-lawyers-2024\\\/#primaryimage\"},\"thumbnailUrl\":\"https:\\\/\\\/martinezsanzabogados.com\\\/wp-content\\\/uploads\\\/2021\\\/03\\\/MARTINEZSANZ-EquipoHumanoCastellon-020-scaled.jpg\",\"keywords\":[\"best lawyers\"],\"articleSection\":[\"Actualidad MSA\"],\"inLanguage\":\"en-GB\",\"potentialAction\":[{\"@type\":\"CommentAction\",\"name\":\"Comment\",\"target\":[\"https:\\\/\\\/martinezsanzabogados.com\\\/laura-sanchez-ha-sido-reconocida-en-best-lawyers-2024\\\/#respond\"]}]},{\"@type\":\"WebPage\",\"@id\":\"https:\\\/\\\/martinezsanzabogados.com\\\/laura-sanchez-ha-sido-reconocida-en-best-lawyers-2024\\\/\",\"url\":\"https:\\\/\\\/martinezsanzabogados.com\\\/laura-sanchez-ha-sido-reconocida-en-best-lawyers-2024\\\/\",\"name\":\"Laura S\u00e1nchez ha sido reconocida, por sexto a\u00f1o consecutivo, en Best Lawyers 2024\",\"isPartOf\":{\"@id\":\"https:\\\/\\\/martinezsanzabogados.com\\\/#website\"},\"primaryImageOfPage\":{\"@id\":\"https:\\\/\\\/martinezsanzabogados.com\\\/laura-sanchez-ha-sido-reconocida-en-best-lawyers-2024\\\/#primaryimage\"},\"image\":{\"@id\":\"https:\\\/\\\/martinezsanzabogados.com\\\/laura-sanchez-ha-sido-reconocida-en-best-lawyers-2024\\\/#primaryimage\"},\"thumbnailUrl\":\"https:\\\/\\\/martinezsanzabogados.com\\\/wp-content\\\/uploads\\\/2021\\\/03\\\/MARTINEZSANZ-EquipoHumanoCastellon-020-scaled.jpg\",\"datePublished\":\"2023-11-17T13:21:21+00:00\",\"dateModified\":\"2023-11-17T13:21:22+00:00\",\"description\":\"Laura S\u00e1nchez, Directora de nuestras oficinas en Castell\u00f3n, ha sido reconocida en la edici\u00f3n 2024 de The Best Lawyers in Spain\u2122.\",\"breadcrumb\":{\"@id\":\"https:\\\/\\\/martinezsanzabogados.com\\\/laura-sanchez-ha-sido-reconocida-en-best-lawyers-2024\\\/#breadcrumb\"},\"inLanguage\":\"en-GB\",\"potentialAction\":[{\"@type\":\"ReadAction\",\"target\":[\"https:\\\/\\\/martinezsanzabogados.com\\\/laura-sanchez-ha-sido-reconocida-en-best-lawyers-2024\\\/\"]}]},{\"@type\":\"ImageObject\",\"inLanguage\":\"en-GB\",\"@id\":\"https:\\\/\\\/martinezsanzabogados.com\\\/laura-sanchez-ha-sido-reconocida-en-best-lawyers-2024\\\/#primaryimage\",\"url\":\"https:\\\/\\\/martinezsanzabogados.com\\\/wp-content\\\/uploads\\\/2021\\\/03\\\/MARTINEZSANZ-EquipoHumanoCastellon-020-scaled.jpg\",\"contentUrl\":\"https:\\\/\\\/martinezsanzabogados.com\\\/wp-content\\\/uploads\\\/2021\\\/03\\\/MARTINEZSANZ-EquipoHumanoCastellon-020-scaled.jpg\",\"width\":1920,\"height\":1280,\"caption\":\"MARTINEZSANZ EquipoHumanoCastellon 020\"},{\"@type\":\"BreadcrumbList\",\"@id\":\"https:\\\/\\\/martinezsanzabogados.com\\\/laura-sanchez-ha-sido-reconocida-en-best-lawyers-2024\\\/#breadcrumb\",\"itemListElement\":[{\"@type\":\"ListItem\",\"position\":1,\"name\":\"Portada\",\"item\":\"https:\\\/\\\/martinezsanzabogados.com\\\/\"},{\"@type\":\"ListItem\",\"position\":2,\"name\":\"Laura S\u00e1nchez ha sido reconocida, por sexto a\u00f1o consecutivo, en Best Lawyers 2024\"}]},{\"@type\":\"WebSite\",\"@id\":\"https:\\\/\\\/martinezsanzabogados.com\\\/#website\",\"url\":\"https:\\\/\\\/martinezsanzabogados.com\\\/\",\"name\":\"Mart\u00ednez Sanz Abogados\",\"description\":\"\",\"publisher\":{\"@id\":\"https:\\\/\\\/martinezsanzabogados.com\\\/#organization\"},\"potentialAction\":[{\"@type\":\"SearchAction\",\"target\":{\"@type\":\"EntryPoint\",\"urlTemplate\":\"https:\\\/\\\/martinezsanzabogados.com\\\/?s={search_term_string}\"},\"query-input\":{\"@type\":\"PropertyValueSpecification\",\"valueRequired\":true,\"valueName\":\"search_term_string\"}}],\"inLanguage\":\"en-GB\"},{\"@type\":\"Organization\",\"@id\":\"https:\\\/\\\/martinezsanzabogados.com\\\/#organization\",\"name\":\"Mart\u00ednez Sanz Abogados\",\"url\":\"https:\\\/\\\/martinezsanzabogados.com\\\/\",\"logo\":{\"@type\":\"ImageObject\",\"inLanguage\":\"en-GB\",\"@id\":\"https:\\\/\\\/martinezsanzabogados.com\\\/#\\\/schema\\\/logo\\\/image\\\/\",\"url\":\"https:\\\/\\\/martinezsanzabogados.com\\\/wp-content\\\/uploads\\\/2021\\\/10\\\/Logo-Martinez-Sanz.png\",\"contentUrl\":\"https:\\\/\\\/martinezsanzabogados.com\\\/wp-content\\\/uploads\\\/2021\\\/10\\\/Logo-Martinez-Sanz.png\",\"width\":350,\"height\":166,\"caption\":\"Mart\u00ednez Sanz Abogados\"},\"image\":{\"@id\":\"https:\\\/\\\/martinezsanzabogados.com\\\/#\\\/schema\\\/logo\\\/image\\\/\"},\"sameAs\":[\"https:\\\/\\\/www.facebook.com\\\/martinezsanzabogados\"]},{\"@type\":\"Person\",\"@id\":\"https:\\\/\\\/martinezsanzabogados.com\\\/#\\\/schema\\\/person\\\/869a99c54e428fcd47fa53eab44e8379\",\"name\":\"Fernando Mart\u00ednez Sanz\",\"image\":{\"@type\":\"ImageObject\",\"inLanguage\":\"en-GB\",\"@id\":\"https:\\\/\\\/secure.gravatar.com\\\/avatar\\\/c42cdc64dc77e92dcbf5a0ee7ac0a78ac6f21dee78166ff10da4e1bfc8e994e7?s=96&d=mm&r=g\",\"url\":\"https:\\\/\\\/secure.gravatar.com\\\/avatar\\\/c42cdc64dc77e92dcbf5a0ee7ac0a78ac6f21dee78166ff10da4e1bfc8e994e7?s=96&d=mm&r=g\",\"contentUrl\":\"https:\\\/\\\/secure.gravatar.com\\\/avatar\\\/c42cdc64dc77e92dcbf5a0ee7ac0a78ac6f21dee78166ff10da4e1bfc8e994e7?s=96&d=mm&r=g\",\"caption\":\"Fernando Mart\u00ednez Sanz\"},\"description\":\"Doctor en Derecho por la Universidad de Alcal\u00e1 de Henares con la m\u00e1xima calificaci\u00f3n. Premio Extraordinario de Doctorado. Desde 2001 es Catedr\u00e1tico de Derecho Mercantil en la Universitat Jaume I de Castell\u00f3n. Vocal de la Secci\u00f3n Especial de la Comisi\u00f3n General de Codificaci\u00f3n para la reforma del C\u00f3digo de Comercio en materia de contrato de transporte de mercanc\u00edas. Ha impartido multitud de conferencias y cursos en Universidades, Centros y Colegios Profesionales, tanto en Espa\u00f1a como en el extranjero, y es \u00e1rbitro de la Corte de Arbitraje de la C\u00e1mara de Comercio de Castell\u00f3n y Valencia. Es autor de diversos art\u00edculos en revistas jur\u00eddicas nacionales y extranjeras (alemanas e italianas), as\u00ed como de varias monograf\u00edas y publicaciones, tanto en materia de Derecho Mercantil, como en Derecho societario, concursal y de planes de reestructuraci\u00f3n. Tiene una vasta experiencia profesional como administrador concursal en m\u00e1s de 150 procedimientos, habiendo intervenido en diversos procesos de venta de unidades productivas\",\"sameAs\":[\"https:\\\/\\\/www.linkedin.com\\\/in\\\/fernando-martnez-sanz-00819641\"],\"url\":\"https:\\\/\\\/martinezsanzabogados.com\\\/en\\\/author\\\/admin\\\/\"}]}<\/script>\n<!-- \/ Yoast SEO plugin. -->","yoast_head_json":{"title":"Laura S\u00e1nchez has been recognised for the sixth consecutive year in Best Lawyers 2024.","description":"Laura S\u00e1nchez, Director of our Castell\u00f3n office, has been recognised in the 2024 edition of The Best Lawyers in Spain\u2122.","robots":{"index":"index","follow":"follow","max-snippet":"max-snippet:-1","max-image-preview":"max-image-preview:large","max-video-preview":"max-video-preview:-1"},"canonical":"https:\/\/martinezsanzabogados.com\/en\/laura-sanchez-has-been-recognised-in-best-lawyers-2024\/","og_locale":"en_GB","og_type":"article","og_title":"Laura S\u00e1nchez ha sido reconocida, por sexto a\u00f1o consecutivo, en Best Lawyers 2024","og_description":"Laura S\u00e1nchez, Directora de nuestras oficinas en Castell\u00f3n, ha sido reconocida en la edici\u00f3n 2024 de The Best Lawyers in Spain\u2122.","og_url":"https:\/\/martinezsanzabogados.com\/en\/laura-sanchez-has-been-recognised-in-best-lawyers-2024\/","og_site_name":"Mart\u00ednez Sanz Abogados","article_publisher":"https:\/\/www.facebook.com\/martinezsanzabogados","article_published_time":"2023-11-17T13:21:21+00:00","article_modified_time":"2023-11-17T13:21:22+00:00","og_image":[{"width":1920,"height":1280,"url":"https:\/\/martinezsanzabogados.com\/wp-content\/uploads\/2021\/03\/MARTINEZSANZ-EquipoHumanoCastellon-020-scaled.jpg","type":"image\/jpeg"}],"author":"Fernando Mart\u00ednez Sanz","twitter_card":"summary_large_image","twitter_misc":{"Written by":"Fernando Mart\u00ednez Sanz","Estimated reading time":"1 minute"},"schema":{"@context":"https:\/\/schema.org","@graph":[{"@type":"Article","@id":"https:\/\/martinezsanzabogados.com\/laura-sanchez-ha-sido-reconocida-en-best-lawyers-2024\/#article","isPartOf":{"@id":"https:\/\/martinezsanzabogados.com\/laura-sanchez-ha-sido-reconocida-en-best-lawyers-2024\/"},"author":{"name":"Fernando Mart\u00ednez Sanz","@id":"https:\/\/martinezsanzabogados.com\/#\/schema\/person\/869a99c54e428fcd47fa53eab44e8379"},"headline":"Laura S\u00e1nchez ha sido reconocida, por sexto a\u00f1o consecutivo, en Best Lawyers 2024","datePublished":"2023-11-17T13:21:21+00:00","dateModified":"2023-11-17T13:21:22+00:00","mainEntityOfPage":{"@id":"https:\/\/martinezsanzabogados.com\/laura-sanchez-ha-sido-reconocida-en-best-lawyers-2024\/"},"wordCount":130,"commentCount":0,"publisher":{"@id":"https:\/\/martinezsanzabogados.com\/#organization"},"image":{"@id":"https:\/\/martinezsanzabogados.com\/laura-sanchez-ha-sido-reconocida-en-best-lawyers-2024\/#primaryimage"},"thumbnailUrl":"https:\/\/martinezsanzabogados.com\/wp-content\/uploads\/2021\/03\/MARTINEZSANZ-EquipoHumanoCastellon-020-scaled.jpg","keywords":["best lawyers"],"articleSection":["Actualidad MSA"],"inLanguage":"en-GB","potentialAction":[{"@type":"CommentAction","name":"Comment","target":["https:\/\/martinezsanzabogados.com\/laura-sanchez-ha-sido-reconocida-en-best-lawyers-2024\/#respond"]}]},{"@type":"WebPage","@id":"https:\/\/martinezsanzabogados.com\/laura-sanchez-ha-sido-reconocida-en-best-lawyers-2024\/","url":"https:\/\/martinezsanzabogados.com\/laura-sanchez-ha-sido-reconocida-en-best-lawyers-2024\/","name":"Laura S\u00e1nchez has been recognised for the sixth consecutive year in Best Lawyers 2024.","isPartOf":{"@id":"https:\/\/martinezsanzabogados.com\/#website"},"primaryImageOfPage":{"@id":"https:\/\/martinezsanzabogados.com\/laura-sanchez-ha-sido-reconocida-en-best-lawyers-2024\/#primaryimage"},"image":{"@id":"https:\/\/martinezsanzabogados.com\/laura-sanchez-ha-sido-reconocida-en-best-lawyers-2024\/#primaryimage"},"thumbnailUrl":"https:\/\/martinezsanzabogados.com\/wp-content\/uploads\/2021\/03\/MARTINEZSANZ-EquipoHumanoCastellon-020-scaled.jpg","datePublished":"2023-11-17T13:21:21+00:00","dateModified":"2023-11-17T13:21:22+00:00","description":"Laura S\u00e1nchez, Director of our Castell\u00f3n office, has been recognised in the 2024 edition of The Best Lawyers in Spain\u2122.","breadcrumb":{"@id":"https:\/\/martinezsanzabogados.com\/laura-sanchez-ha-sido-reconocida-en-best-lawyers-2024\/#breadcrumb"},"inLanguage":"en-GB","potentialAction":[{"@type":"ReadAction","target":["https:\/\/martinezsanzabogados.com\/laura-sanchez-ha-sido-reconocida-en-best-lawyers-2024\/"]}]},{"@type":"ImageObject","inLanguage":"en-GB","@id":"https:\/\/martinezsanzabogados.com\/laura-sanchez-ha-sido-reconocida-en-best-lawyers-2024\/#primaryimage","url":"https:\/\/martinezsanzabogados.com\/wp-content\/uploads\/2021\/03\/MARTINEZSANZ-EquipoHumanoCastellon-020-scaled.jpg","contentUrl":"https:\/\/martinezsanzabogados.com\/wp-content\/uploads\/2021\/03\/MARTINEZSANZ-EquipoHumanoCastellon-020-scaled.jpg","width":1920,"height":1280,"caption":"MARTINEZSANZ EquipoHumanoCastellon 020"},{"@type":"BreadcrumbList","@id":"https:\/\/martinezsanzabogados.com\/laura-sanchez-ha-sido-reconocida-en-best-lawyers-2024\/#breadcrumb","itemListElement":[{"@type":"ListItem","position":1,"name":"Portada","item":"https:\/\/martinezsanzabogados.com\/"},{"@type":"ListItem","position":2,"name":"Laura S\u00e1nchez ha sido reconocida, por sexto a\u00f1o consecutivo, en Best Lawyers 2024"}]},{"@type":"WebSite","@id":"https:\/\/martinezsanzabogados.com\/#website","url":"https:\/\/martinezsanzabogados.com\/","name":"Mart\u00ednez Sanz Lawyers","description":"","publisher":{"@id":"https:\/\/martinezsanzabogados.com\/#organization"},"potentialAction":[{"@type":"SearchAction","target":{"@type":"EntryPoint","urlTemplate":"https:\/\/martinezsanzabogados.com\/?s={search_term_string}"},"query-input":{"@type":"PropertyValueSpecification","valueRequired":true,"valueName":"search_term_string"}}],"inLanguage":"en-GB"},{"@type":"Organization","@id":"https:\/\/martinezsanzabogados.com\/#organization","name":"Mart\u00ednez Sanz Lawyers","url":"https:\/\/martinezsanzabogados.com\/","logo":{"@type":"ImageObject","inLanguage":"en-GB","@id":"https:\/\/martinezsanzabogados.com\/#\/schema\/logo\/image\/","url":"https:\/\/martinezsanzabogados.com\/wp-content\/uploads\/2021\/10\/Logo-Martinez-Sanz.png","contentUrl":"https:\/\/martinezsanzabogados.com\/wp-content\/uploads\/2021\/10\/Logo-Martinez-Sanz.png","width":350,"height":166,"caption":"Mart\u00ednez Sanz Abogados"},"image":{"@id":"https:\/\/martinezsanzabogados.com\/#\/schema\/logo\/image\/"},"sameAs":["https:\/\/www.facebook.com\/martinezsanzabogados"]},{"@type":"Person","@id":"https:\/\/martinezsanzabogados.com\/#\/schema\/person\/869a99c54e428fcd47fa53eab44e8379","name":"Fernando Mart\u00ednez Sanz","image":{"@type":"ImageObject","inLanguage":"en-GB","@id":"https:\/\/secure.gravatar.com\/avatar\/c42cdc64dc77e92dcbf5a0ee7ac0a78ac6f21dee78166ff10da4e1bfc8e994e7?s=96&d=mm&r=g","url":"https:\/\/secure.gravatar.com\/avatar\/c42cdc64dc77e92dcbf5a0ee7ac0a78ac6f21dee78166ff10da4e1bfc8e994e7?s=96&d=mm&r=g","contentUrl":"https:\/\/secure.gravatar.com\/avatar\/c42cdc64dc77e92dcbf5a0ee7ac0a78ac6f21dee78166ff10da4e1bfc8e994e7?s=96&d=mm&r=g","caption":"Fernando Mart\u00ednez Sanz"},"description":"PhD in Law from the University of Alcal\u00e1 de Henares with the highest qualification. Extraordinary Doctorate Award. Since 2001 he has been Professor of Commercial Law at the Universitat Jaume I in Castell\u00f3n. Member of the Special Section of the General Codification Commission for the reform of the Commercial Code in the field of the contract of carriage of goods. He has given many lectures and courses at Universities, Centres and Professional Associations, both in Spain and abroad, and is an arbitrator at the Court of Arbitration of the Chamber of Commerce of Castell\u00f3n and Valencia. He is the author of several articles in national and foreign legal journals (German and Italian), as well as of several monographs and publications, both on commercial law, corporate law, insolvency law and restructuring plans. He has extensive professional experience as an insolvency administrator in more than 150 insolvency proceedings, having been involved in several sales of production units.","sameAs":["https:\/\/www.linkedin.com\/in\/fernando-martnez-sanz-00819641"],"url":"https:\/\/martinezsanzabogados.com\/en\/author\/admin\/"}]}},"_links":{"self":[{"href":"https:\/\/martinezsanzabogados.com\/en\/wp-json\/wp\/v2\/posts\/10681","targetHints":{"allow":["GET"]}}],"collection":[{"href":"https:\/\/martinezsanzabogados.com\/en\/wp-json\/wp\/v2\/posts"}],"about":[{"href":"https:\/\/martinezsanzabogados.com\/en\/wp-json\/wp\/v2\/types\/post"}],"author":[{"embeddable":true,"href":"https:\/\/martinezsanzabogados.com\/en\/wp-json\/wp\/v2\/users\/5"}],"replies":[{"embeddable":true,"href":"https:\/\/martinezsanzabogados.com\/en\/wp-json\/wp\/v2\/comments?post=10681"}],"version-history":[{"count":0,"href":"https:\/\/martinezsanzabogados.com\/en\/wp-json\/wp\/v2\/posts\/10681\/revisions"}],"wp:featuredmedia":[{"embeddable":true,"href":"https:\/\/martinezsanzabogados.com\/en\/wp-json\/wp\/v2\/media\/6364"}],"wp:attachment":[{"href":"https:\/\/martinezsanzabogados.com\/en\/wp-json\/wp\/v2\/media?parent=10681"}],"wp:term":[{"taxonomy":"category","embeddable":true,"href":"https:\/\/martinezsanzabogados.com\/en\/wp-json\/wp\/v2\/categories?post=10681"},{"taxonomy":"post_tag","embeddable":true,"href":"https:\/\/martinezsanzabogados.com\/en\/wp-json\/wp\/v2\/tags?post=10681"}],"curies":[{"name":"wp","href":"https:\/\/api.w.org\/{rel}","templated":true}]}}