{"id":10667,"date":"2023-10-13T12:54:36","date_gmt":"2023-10-13T10:54:36","guid":{"rendered":"https:\/\/martinezsanzabogados.com\/?p=10667"},"modified":"2023-10-13T12:54:37","modified_gmt":"2023-10-13T10:54:37","slug":"fernando-martinez-sanz-destacado-ponente-en-el-congreso-internacional-sobre-la-reforma-de-la-ley-concursal","status":"publish","type":"post","link":"https:\/\/martinezsanzabogados.com\/en\/fernando-martinez-sanz-destacado-ponente-en-el-congreso-internacional-sobre-la-reforma-de-la-ley-concursal\/","title":{"rendered":"Fernando Mart\u00ednez Sanz, destacado ponente en el Congreso Internacional sobre la Reforma de la Ley Concursal"},"content":{"rendered":"<p><\/p>\n\n\n\n<p>Fernando Mart\u00ednez Sanz, socio director de Mart\u00ednez Sanz Abogados, se complace en anunciar su participaci\u00f3n como ponente en el Congreso Internacional sobre la Reforma de la Ley Concursal, que se llevar\u00e1 a cabo del 25 al 27 de octubre de 2023 en la Universidad Complutense de Madrid. Este prestigioso evento, organizado por la Profesora Juana Pulgar, se centrar\u00e1 en la aplicaci\u00f3n pr\u00e1ctica de la reforma de la Ley Concursal durante su primer a\u00f1o de vigencia.<\/p>\n\n\n\n<p>La intervenci\u00f3n de Fernando est\u00e1 programada para el 27 de octubre, donde moderar\u00e1 la Mesa Redonda titulada \u00abLa Responsabilidad de los Administradores Sociales: Decisiones Estrat\u00e9gicas en la Proximidad de la Insolvencia\u00bb. Esta discusi\u00f3n abordar\u00e1 temas cruciales relacionados con la responsabilidad de los administradores en situaciones cercanas a la insolvencia y ofrecer\u00e1 valiosas perspectivas sobre c\u00f3mo abordar estas cuestiones en la pr\u00e1ctica.<\/p>\n\n\n\n<p>Este evento promete ser una oportunidad \u00fanica para que expertos y profesionales en el \u00e1mbito del derecho concursal compartan conocimientos y experiencias, as\u00ed como para analizar los desaf\u00edos y oportunidades que presenta la reforma de la Ley Concursal.<\/p>\n\n\n\n<p>Fernando Mart\u00ednez Sanz espera con entusiasmo este encuentro y espera contribuir al di\u00e1logo en torno a cuestiones legales cruciales en el contexto de la insolvencia empresarial.<\/p>\n\n\n\n<p>Para obtener m\u00e1s informaci\u00f3n sobre el Congreso Internacional sobre la Reforma de la Ley Concursal, visite el sitio web del evento o p\u00f3ngase en contacto con Fernando Mart\u00ednez Sanz para conocer m\u00e1s detalles sobre su participaci\u00f3n.<\/p>","protected":false},"excerpt":{"rendered":"<p>Fernando Mart\u00ednez Sanz, socio director de Mart\u00ednez Sanz Abogados, se complace en anunciar su participaci\u00f3n como ponente en el Congreso Internacional sobre la Reforma de la Ley Concursal, que se llevar\u00e1 a cabo del 25 al 27 de octubre de 2023 en la Universidad Complutense de Madrid. Este prestigioso evento, organizado por la Profesora Juana [&hellip;]<\/p>","protected":false},"author":5,"featured_media":10625,"comment_status":"open","ping_status":"closed","sticky":false,"template":"","format":"standard","meta":{"footnotes":""},"categories":[708],"tags":[],"class_list":["post-10667","post","type-post","status-publish","format-standard","has-post-thumbnail","hentry","category-actualidad-despacho"],"yoast_head":"<!-- This site is optimized with the Yoast SEO plugin v27.4 - https:\/\/yoast.com\/product\/yoast-seo-wordpress\/ -->\n<title>Fernando Mart\u00ednez Sanz, destacado ponente en el Congreso Internacional sobre la Reforma de la Ley Concursal - Mart\u00ednez Sanz Abogados<\/title>\n<meta name=\"robots\" content=\"index, follow, max-snippet:-1, max-image-preview:large, max-video-preview:-1\" \/>\n<link rel=\"canonical\" href=\"https:\/\/martinezsanzabogados.com\/en\/fernando-martinez-sanz-destacado-ponente-en-el-congreso-internacional-sobre-la-reforma-de-la-ley-concursal\/\" \/>\n<meta property=\"og:locale\" content=\"en_GB\" \/>\n<meta property=\"og:type\" content=\"article\" \/>\n<meta property=\"og:title\" content=\"Fernando Mart\u00ednez Sanz, destacado ponente en el Congreso Internacional sobre la Reforma de la Ley Concursal - Mart\u00ednez Sanz Abogados\" \/>\n<meta property=\"og:description\" content=\"Fernando Mart\u00ednez Sanz, socio director de Mart\u00ednez Sanz Abogados, se complace en anunciar su participaci\u00f3n como ponente en el Congreso Internacional sobre la Reforma de la Ley Concursal, que se llevar\u00e1 a cabo del 25 al 27 de octubre de 2023 en la Universidad Complutense de Madrid. Este prestigioso evento, organizado por la Profesora Juana [&hellip;]\" \/>\n<meta property=\"og:url\" content=\"https:\/\/martinezsanzabogados.com\/en\/fernando-martinez-sanz-destacado-ponente-en-el-congreso-internacional-sobre-la-reforma-de-la-ley-concursal\/\" \/>\n<meta property=\"og:site_name\" content=\"Mart\u00ednez Sanz Abogados\" \/>\n<meta property=\"article:publisher\" content=\"https:\/\/www.facebook.com\/martinezsanzabogados\" \/>\n<meta property=\"article:published_time\" content=\"2023-10-13T10:54:36+00:00\" \/>\n<meta property=\"article:modified_time\" content=\"2023-10-13T10:54:37+00:00\" \/>\n<meta property=\"og:image\" content=\"https:\/\/martinezsanzabogados.com\/wp-content\/uploads\/2023\/09\/MARTINEZSANZ-EquipoHumanoCastellon-004-2048x1365.jpg.webp\" \/>\n\t<meta property=\"og:image:width\" content=\"2048\" \/>\n\t<meta property=\"og:image:height\" content=\"1365\" \/>\n\t<meta property=\"og:image:type\" content=\"image\/webp\" \/>\n<meta name=\"author\" content=\"Fernando Mart\u00ednez Sanz\" \/>\n<meta name=\"twitter:card\" content=\"summary_large_image\" \/>\n<meta name=\"twitter:label1\" content=\"Written by\" \/>\n\t<meta name=\"twitter:data1\" content=\"Fernando Mart\u00ednez Sanz\" \/>\n\t<meta name=\"twitter:label2\" content=\"Estimated reading time\" \/>\n\t<meta name=\"twitter:data2\" content=\"2 minutes\" \/>\n<script type=\"application\/ld+json\" class=\"yoast-schema-graph\">{\"@context\":\"https:\\\/\\\/schema.org\",\"@graph\":[{\"@type\":\"Article\",\"@id\":\"https:\\\/\\\/martinezsanzabogados.com\\\/fernando-martinez-sanz-destacado-ponente-en-el-congreso-internacional-sobre-la-reforma-de-la-ley-concursal\\\/#article\",\"isPartOf\":{\"@id\":\"https:\\\/\\\/martinezsanzabogados.com\\\/fernando-martinez-sanz-destacado-ponente-en-el-congreso-internacional-sobre-la-reforma-de-la-ley-concursal\\\/\"},\"author\":{\"name\":\"Fernando Mart\u00ednez Sanz\",\"@id\":\"https:\\\/\\\/martinezsanzabogados.com\\\/#\\\/schema\\\/person\\\/869a99c54e428fcd47fa53eab44e8379\"},\"headline\":\"Fernando Mart\u00ednez Sanz, destacado ponente en el Congreso Internacional sobre la Reforma de la Ley Concursal\",\"datePublished\":\"2023-10-13T10:54:36+00:00\",\"dateModified\":\"2023-10-13T10:54:37+00:00\",\"mainEntityOfPage\":{\"@id\":\"https:\\\/\\\/martinezsanzabogados.com\\\/fernando-martinez-sanz-destacado-ponente-en-el-congreso-internacional-sobre-la-reforma-de-la-ley-concursal\\\/\"},\"wordCount\":269,\"commentCount\":0,\"publisher\":{\"@id\":\"https:\\\/\\\/martinezsanzabogados.com\\\/#organization\"},\"image\":{\"@id\":\"https:\\\/\\\/martinezsanzabogados.com\\\/fernando-martinez-sanz-destacado-ponente-en-el-congreso-internacional-sobre-la-reforma-de-la-ley-concursal\\\/#primaryimage\"},\"thumbnailUrl\":\"https:\\\/\\\/martinezsanzabogados.com\\\/wp-content\\\/uploads\\\/2023\\\/09\\\/MARTINEZSANZ-EquipoHumanoCastellon-004-2048x1365.jpg.webp\",\"articleSection\":[\"Actualidad MSA\"],\"inLanguage\":\"en-GB\",\"potentialAction\":[{\"@type\":\"CommentAction\",\"name\":\"Comment\",\"target\":[\"https:\\\/\\\/martinezsanzabogados.com\\\/fernando-martinez-sanz-destacado-ponente-en-el-congreso-internacional-sobre-la-reforma-de-la-ley-concursal\\\/#respond\"]}]},{\"@type\":\"WebPage\",\"@id\":\"https:\\\/\\\/martinezsanzabogados.com\\\/fernando-martinez-sanz-destacado-ponente-en-el-congreso-internacional-sobre-la-reforma-de-la-ley-concursal\\\/\",\"url\":\"https:\\\/\\\/martinezsanzabogados.com\\\/fernando-martinez-sanz-destacado-ponente-en-el-congreso-internacional-sobre-la-reforma-de-la-ley-concursal\\\/\",\"name\":\"Fernando Mart\u00ednez Sanz, destacado ponente en el Congreso Internacional sobre la Reforma de la Ley Concursal - Mart\u00ednez Sanz Abogados\",\"isPartOf\":{\"@id\":\"https:\\\/\\\/martinezsanzabogados.com\\\/#website\"},\"primaryImageOfPage\":{\"@id\":\"https:\\\/\\\/martinezsanzabogados.com\\\/fernando-martinez-sanz-destacado-ponente-en-el-congreso-internacional-sobre-la-reforma-de-la-ley-concursal\\\/#primaryimage\"},\"image\":{\"@id\":\"https:\\\/\\\/martinezsanzabogados.com\\\/fernando-martinez-sanz-destacado-ponente-en-el-congreso-internacional-sobre-la-reforma-de-la-ley-concursal\\\/#primaryimage\"},\"thumbnailUrl\":\"https:\\\/\\\/martinezsanzabogados.com\\\/wp-content\\\/uploads\\\/2023\\\/09\\\/MARTINEZSANZ-EquipoHumanoCastellon-004-2048x1365.jpg.webp\",\"datePublished\":\"2023-10-13T10:54:36+00:00\",\"dateModified\":\"2023-10-13T10:54:37+00:00\",\"breadcrumb\":{\"@id\":\"https:\\\/\\\/martinezsanzabogados.com\\\/fernando-martinez-sanz-destacado-ponente-en-el-congreso-internacional-sobre-la-reforma-de-la-ley-concursal\\\/#breadcrumb\"},\"inLanguage\":\"en-GB\",\"potentialAction\":[{\"@type\":\"ReadAction\",\"target\":[\"https:\\\/\\\/martinezsanzabogados.com\\\/fernando-martinez-sanz-destacado-ponente-en-el-congreso-internacional-sobre-la-reforma-de-la-ley-concursal\\\/\"]}]},{\"@type\":\"ImageObject\",\"inLanguage\":\"en-GB\",\"@id\":\"https:\\\/\\\/martinezsanzabogados.com\\\/fernando-martinez-sanz-destacado-ponente-en-el-congreso-internacional-sobre-la-reforma-de-la-ley-concursal\\\/#primaryimage\",\"url\":\"https:\\\/\\\/martinezsanzabogados.com\\\/wp-content\\\/uploads\\\/2023\\\/09\\\/MARTINEZSANZ-EquipoHumanoCastellon-004-2048x1365.jpg.webp\",\"contentUrl\":\"https:\\\/\\\/martinezsanzabogados.com\\\/wp-content\\\/uploads\\\/2023\\\/09\\\/MARTINEZSANZ-EquipoHumanoCastellon-004-2048x1365.jpg.webp\",\"width\":2048,\"height\":1365,\"caption\":\"MARTINEZSANZ EquipoHumanoCastellon 004 2048x1365.jpg\"},{\"@type\":\"BreadcrumbList\",\"@id\":\"https:\\\/\\\/martinezsanzabogados.com\\\/fernando-martinez-sanz-destacado-ponente-en-el-congreso-internacional-sobre-la-reforma-de-la-ley-concursal\\\/#breadcrumb\",\"itemListElement\":[{\"@type\":\"ListItem\",\"position\":1,\"name\":\"Portada\",\"item\":\"https:\\\/\\\/martinezsanzabogados.com\\\/\"},{\"@type\":\"ListItem\",\"position\":2,\"name\":\"Fernando Mart\u00ednez Sanz, destacado ponente en el Congreso Internacional sobre la Reforma de la Ley Concursal\"}]},{\"@type\":\"WebSite\",\"@id\":\"https:\\\/\\\/martinezsanzabogados.com\\\/#website\",\"url\":\"https:\\\/\\\/martinezsanzabogados.com\\\/\",\"name\":\"Mart\u00ednez Sanz Abogados\",\"description\":\"\",\"publisher\":{\"@id\":\"https:\\\/\\\/martinezsanzabogados.com\\\/#organization\"},\"potentialAction\":[{\"@type\":\"SearchAction\",\"target\":{\"@type\":\"EntryPoint\",\"urlTemplate\":\"https:\\\/\\\/martinezsanzabogados.com\\\/?s={search_term_string}\"},\"query-input\":{\"@type\":\"PropertyValueSpecification\",\"valueRequired\":true,\"valueName\":\"search_term_string\"}}],\"inLanguage\":\"en-GB\"},{\"@type\":\"Organization\",\"@id\":\"https:\\\/\\\/martinezsanzabogados.com\\\/#organization\",\"name\":\"Mart\u00ednez Sanz Abogados\",\"url\":\"https:\\\/\\\/martinezsanzabogados.com\\\/\",\"logo\":{\"@type\":\"ImageObject\",\"inLanguage\":\"en-GB\",\"@id\":\"https:\\\/\\\/martinezsanzabogados.com\\\/#\\\/schema\\\/logo\\\/image\\\/\",\"url\":\"https:\\\/\\\/martinezsanzabogados.com\\\/wp-content\\\/uploads\\\/2021\\\/10\\\/Logo-Martinez-Sanz.png\",\"contentUrl\":\"https:\\\/\\\/martinezsanzabogados.com\\\/wp-content\\\/uploads\\\/2021\\\/10\\\/Logo-Martinez-Sanz.png\",\"width\":350,\"height\":166,\"caption\":\"Mart\u00ednez Sanz Abogados\"},\"image\":{\"@id\":\"https:\\\/\\\/martinezsanzabogados.com\\\/#\\\/schema\\\/logo\\\/image\\\/\"},\"sameAs\":[\"https:\\\/\\\/www.facebook.com\\\/martinezsanzabogados\"]},{\"@type\":\"Person\",\"@id\":\"https:\\\/\\\/martinezsanzabogados.com\\\/#\\\/schema\\\/person\\\/869a99c54e428fcd47fa53eab44e8379\",\"name\":\"Fernando Mart\u00ednez Sanz\",\"image\":{\"@type\":\"ImageObject\",\"inLanguage\":\"en-GB\",\"@id\":\"https:\\\/\\\/secure.gravatar.com\\\/avatar\\\/c42cdc64dc77e92dcbf5a0ee7ac0a78ac6f21dee78166ff10da4e1bfc8e994e7?s=96&d=mm&r=g\",\"url\":\"https:\\\/\\\/secure.gravatar.com\\\/avatar\\\/c42cdc64dc77e92dcbf5a0ee7ac0a78ac6f21dee78166ff10da4e1bfc8e994e7?s=96&d=mm&r=g\",\"contentUrl\":\"https:\\\/\\\/secure.gravatar.com\\\/avatar\\\/c42cdc64dc77e92dcbf5a0ee7ac0a78ac6f21dee78166ff10da4e1bfc8e994e7?s=96&d=mm&r=g\",\"caption\":\"Fernando Mart\u00ednez Sanz\"},\"description\":\"Doctor en Derecho por la Universidad de Alcal\u00e1 de Henares con la m\u00e1xima calificaci\u00f3n. Premio Extraordinario de Doctorado. Desde 2001 es Catedr\u00e1tico de Derecho Mercantil en la Universitat Jaume I de Castell\u00f3n. Vocal de la Secci\u00f3n Especial de la Comisi\u00f3n General de Codificaci\u00f3n para la reforma del C\u00f3digo de Comercio en materia de contrato de transporte de mercanc\u00edas. Ha impartido multitud de conferencias y cursos en Universidades, Centros y Colegios Profesionales, tanto en Espa\u00f1a como en el extranjero, y es \u00e1rbitro de la Corte de Arbitraje de la C\u00e1mara de Comercio de Castell\u00f3n y Valencia. Es autor de diversos art\u00edculos en revistas jur\u00eddicas nacionales y extranjeras (alemanas e italianas), as\u00ed como de varias monograf\u00edas y publicaciones, tanto en materia de Derecho Mercantil, como en Derecho societario, concursal y de planes de reestructuraci\u00f3n. Tiene una vasta experiencia profesional como administrador concursal en m\u00e1s de 150 procedimientos, habiendo intervenido en diversos procesos de venta de unidades productivas\",\"sameAs\":[\"https:\\\/\\\/www.linkedin.com\\\/in\\\/fernando-martnez-sanz-00819641\"],\"url\":\"https:\\\/\\\/martinezsanzabogados.com\\\/en\\\/author\\\/admin\\\/\"}]}<\/script>\n<!-- \/ Yoast SEO plugin. -->","yoast_head_json":{"title":"Fernando Mart\u00ednez Sanz, destacado ponente en el Congreso Internacional sobre la Reforma de la Ley Concursal - Mart\u00ednez Sanz Abogados","robots":{"index":"index","follow":"follow","max-snippet":"max-snippet:-1","max-image-preview":"max-image-preview:large","max-video-preview":"max-video-preview:-1"},"canonical":"https:\/\/martinezsanzabogados.com\/en\/fernando-martinez-sanz-destacado-ponente-en-el-congreso-internacional-sobre-la-reforma-de-la-ley-concursal\/","og_locale":"en_GB","og_type":"article","og_title":"Fernando Mart\u00ednez Sanz, destacado ponente en el Congreso Internacional sobre la Reforma de la Ley Concursal - Mart\u00ednez Sanz Abogados","og_description":"Fernando Mart\u00ednez Sanz, socio director de Mart\u00ednez Sanz Abogados, se complace en anunciar su participaci\u00f3n como ponente en el Congreso Internacional sobre la Reforma de la Ley Concursal, que se llevar\u00e1 a cabo del 25 al 27 de octubre de 2023 en la Universidad Complutense de Madrid. Este prestigioso evento, organizado por la Profesora Juana [&hellip;]","og_url":"https:\/\/martinezsanzabogados.com\/en\/fernando-martinez-sanz-destacado-ponente-en-el-congreso-internacional-sobre-la-reforma-de-la-ley-concursal\/","og_site_name":"Mart\u00ednez Sanz Abogados","article_publisher":"https:\/\/www.facebook.com\/martinezsanzabogados","article_published_time":"2023-10-13T10:54:36+00:00","article_modified_time":"2023-10-13T10:54:37+00:00","og_image":[{"width":2048,"height":1365,"url":"https:\/\/martinezsanzabogados.com\/wp-content\/uploads\/2023\/09\/MARTINEZSANZ-EquipoHumanoCastellon-004-2048x1365.jpg.webp","type":"image\/webp"}],"author":"Fernando Mart\u00ednez Sanz","twitter_card":"summary_large_image","twitter_misc":{"Written by":"Fernando Mart\u00ednez Sanz","Estimated reading time":"2 minutes"},"schema":{"@context":"https:\/\/schema.org","@graph":[{"@type":"Article","@id":"https:\/\/martinezsanzabogados.com\/fernando-martinez-sanz-destacado-ponente-en-el-congreso-internacional-sobre-la-reforma-de-la-ley-concursal\/#article","isPartOf":{"@id":"https:\/\/martinezsanzabogados.com\/fernando-martinez-sanz-destacado-ponente-en-el-congreso-internacional-sobre-la-reforma-de-la-ley-concursal\/"},"author":{"name":"Fernando Mart\u00ednez Sanz","@id":"https:\/\/martinezsanzabogados.com\/#\/schema\/person\/869a99c54e428fcd47fa53eab44e8379"},"headline":"Fernando Mart\u00ednez Sanz, destacado ponente en el Congreso Internacional sobre la Reforma de la Ley Concursal","datePublished":"2023-10-13T10:54:36+00:00","dateModified":"2023-10-13T10:54:37+00:00","mainEntityOfPage":{"@id":"https:\/\/martinezsanzabogados.com\/fernando-martinez-sanz-destacado-ponente-en-el-congreso-internacional-sobre-la-reforma-de-la-ley-concursal\/"},"wordCount":269,"commentCount":0,"publisher":{"@id":"https:\/\/martinezsanzabogados.com\/#organization"},"image":{"@id":"https:\/\/martinezsanzabogados.com\/fernando-martinez-sanz-destacado-ponente-en-el-congreso-internacional-sobre-la-reforma-de-la-ley-concursal\/#primaryimage"},"thumbnailUrl":"https:\/\/martinezsanzabogados.com\/wp-content\/uploads\/2023\/09\/MARTINEZSANZ-EquipoHumanoCastellon-004-2048x1365.jpg.webp","articleSection":["Actualidad MSA"],"inLanguage":"en-GB","potentialAction":[{"@type":"CommentAction","name":"Comment","target":["https:\/\/martinezsanzabogados.com\/fernando-martinez-sanz-destacado-ponente-en-el-congreso-internacional-sobre-la-reforma-de-la-ley-concursal\/#respond"]}]},{"@type":"WebPage","@id":"https:\/\/martinezsanzabogados.com\/fernando-martinez-sanz-destacado-ponente-en-el-congreso-internacional-sobre-la-reforma-de-la-ley-concursal\/","url":"https:\/\/martinezsanzabogados.com\/fernando-martinez-sanz-destacado-ponente-en-el-congreso-internacional-sobre-la-reforma-de-la-ley-concursal\/","name":"Fernando Mart\u00ednez Sanz, destacado ponente en el Congreso Internacional sobre la Reforma de la Ley Concursal - Mart\u00ednez Sanz Abogados","isPartOf":{"@id":"https:\/\/martinezsanzabogados.com\/#website"},"primaryImageOfPage":{"@id":"https:\/\/martinezsanzabogados.com\/fernando-martinez-sanz-destacado-ponente-en-el-congreso-internacional-sobre-la-reforma-de-la-ley-concursal\/#primaryimage"},"image":{"@id":"https:\/\/martinezsanzabogados.com\/fernando-martinez-sanz-destacado-ponente-en-el-congreso-internacional-sobre-la-reforma-de-la-ley-concursal\/#primaryimage"},"thumbnailUrl":"https:\/\/martinezsanzabogados.com\/wp-content\/uploads\/2023\/09\/MARTINEZSANZ-EquipoHumanoCastellon-004-2048x1365.jpg.webp","datePublished":"2023-10-13T10:54:36+00:00","dateModified":"2023-10-13T10:54:37+00:00","breadcrumb":{"@id":"https:\/\/martinezsanzabogados.com\/fernando-martinez-sanz-destacado-ponente-en-el-congreso-internacional-sobre-la-reforma-de-la-ley-concursal\/#breadcrumb"},"inLanguage":"en-GB","potentialAction":[{"@type":"ReadAction","target":["https:\/\/martinezsanzabogados.com\/fernando-martinez-sanz-destacado-ponente-en-el-congreso-internacional-sobre-la-reforma-de-la-ley-concursal\/"]}]},{"@type":"ImageObject","inLanguage":"en-GB","@id":"https:\/\/martinezsanzabogados.com\/fernando-martinez-sanz-destacado-ponente-en-el-congreso-internacional-sobre-la-reforma-de-la-ley-concursal\/#primaryimage","url":"https:\/\/martinezsanzabogados.com\/wp-content\/uploads\/2023\/09\/MARTINEZSANZ-EquipoHumanoCastellon-004-2048x1365.jpg.webp","contentUrl":"https:\/\/martinezsanzabogados.com\/wp-content\/uploads\/2023\/09\/MARTINEZSANZ-EquipoHumanoCastellon-004-2048x1365.jpg.webp","width":2048,"height":1365,"caption":"MARTINEZSANZ EquipoHumanoCastellon 004 2048x1365.jpg"},{"@type":"BreadcrumbList","@id":"https:\/\/martinezsanzabogados.com\/fernando-martinez-sanz-destacado-ponente-en-el-congreso-internacional-sobre-la-reforma-de-la-ley-concursal\/#breadcrumb","itemListElement":[{"@type":"ListItem","position":1,"name":"Portada","item":"https:\/\/martinezsanzabogados.com\/"},{"@type":"ListItem","position":2,"name":"Fernando Mart\u00ednez Sanz, destacado ponente en el Congreso Internacional sobre la Reforma de la Ley Concursal"}]},{"@type":"WebSite","@id":"https:\/\/martinezsanzabogados.com\/#website","url":"https:\/\/martinezsanzabogados.com\/","name":"Mart\u00ednez Sanz Lawyers","description":"","publisher":{"@id":"https:\/\/martinezsanzabogados.com\/#organization"},"potentialAction":[{"@type":"SearchAction","target":{"@type":"EntryPoint","urlTemplate":"https:\/\/martinezsanzabogados.com\/?s={search_term_string}"},"query-input":{"@type":"PropertyValueSpecification","valueRequired":true,"valueName":"search_term_string"}}],"inLanguage":"en-GB"},{"@type":"Organization","@id":"https:\/\/martinezsanzabogados.com\/#organization","name":"Mart\u00ednez Sanz Lawyers","url":"https:\/\/martinezsanzabogados.com\/","logo":{"@type":"ImageObject","inLanguage":"en-GB","@id":"https:\/\/martinezsanzabogados.com\/#\/schema\/logo\/image\/","url":"https:\/\/martinezsanzabogados.com\/wp-content\/uploads\/2021\/10\/Logo-Martinez-Sanz.png","contentUrl":"https:\/\/martinezsanzabogados.com\/wp-content\/uploads\/2021\/10\/Logo-Martinez-Sanz.png","width":350,"height":166,"caption":"Mart\u00ednez Sanz Abogados"},"image":{"@id":"https:\/\/martinezsanzabogados.com\/#\/schema\/logo\/image\/"},"sameAs":["https:\/\/www.facebook.com\/martinezsanzabogados"]},{"@type":"Person","@id":"https:\/\/martinezsanzabogados.com\/#\/schema\/person\/869a99c54e428fcd47fa53eab44e8379","name":"Fernando Mart\u00ednez Sanz","image":{"@type":"ImageObject","inLanguage":"en-GB","@id":"https:\/\/secure.gravatar.com\/avatar\/c42cdc64dc77e92dcbf5a0ee7ac0a78ac6f21dee78166ff10da4e1bfc8e994e7?s=96&d=mm&r=g","url":"https:\/\/secure.gravatar.com\/avatar\/c42cdc64dc77e92dcbf5a0ee7ac0a78ac6f21dee78166ff10da4e1bfc8e994e7?s=96&d=mm&r=g","contentUrl":"https:\/\/secure.gravatar.com\/avatar\/c42cdc64dc77e92dcbf5a0ee7ac0a78ac6f21dee78166ff10da4e1bfc8e994e7?s=96&d=mm&r=g","caption":"Fernando Mart\u00ednez Sanz"},"description":"PhD in Law from the University of Alcal\u00e1 de Henares with the highest qualification. Extraordinary Doctorate Award. Since 2001 he has been Professor of Commercial Law at the Universitat Jaume I in Castell\u00f3n. Member of the Special Section of the General Codification Commission for the reform of the Commercial Code in the field of the contract of carriage of goods. He has given many lectures and courses at Universities, Centres and Professional Associations, both in Spain and abroad, and is an arbitrator at the Court of Arbitration of the Chamber of Commerce of Castell\u00f3n and Valencia. He is the author of several articles in national and foreign legal journals (German and Italian), as well as of several monographs and publications, both on commercial law, corporate law, insolvency law and restructuring plans. He has extensive professional experience as an insolvency administrator in more than 150 insolvency proceedings, having been involved in several sales of production units.","sameAs":["https:\/\/www.linkedin.com\/in\/fernando-martnez-sanz-00819641"],"url":"https:\/\/martinezsanzabogados.com\/en\/author\/admin\/"}]}},"_links":{"self":[{"href":"https:\/\/martinezsanzabogados.com\/en\/wp-json\/wp\/v2\/posts\/10667","targetHints":{"allow":["GET"]}}],"collection":[{"href":"https:\/\/martinezsanzabogados.com\/en\/wp-json\/wp\/v2\/posts"}],"about":[{"href":"https:\/\/martinezsanzabogados.com\/en\/wp-json\/wp\/v2\/types\/post"}],"author":[{"embeddable":true,"href":"https:\/\/martinezsanzabogados.com\/en\/wp-json\/wp\/v2\/users\/5"}],"replies":[{"embeddable":true,"href":"https:\/\/martinezsanzabogados.com\/en\/wp-json\/wp\/v2\/comments?post=10667"}],"version-history":[{"count":0,"href":"https:\/\/martinezsanzabogados.com\/en\/wp-json\/wp\/v2\/posts\/10667\/revisions"}],"wp:featuredmedia":[{"embeddable":true,"href":"https:\/\/martinezsanzabogados.com\/en\/wp-json\/wp\/v2\/media\/10625"}],"wp:attachment":[{"href":"https:\/\/martinezsanzabogados.com\/en\/wp-json\/wp\/v2\/media?parent=10667"}],"wp:term":[{"taxonomy":"category","embeddable":true,"href":"https:\/\/martinezsanzabogados.com\/en\/wp-json\/wp\/v2\/categories?post=10667"},{"taxonomy":"post_tag","embeddable":true,"href":"https:\/\/martinezsanzabogados.com\/en\/wp-json\/wp\/v2\/tags?post=10667"}],"curies":[{"name":"wp","href":"https:\/\/api.w.org\/{rel}","templated":true}]}}